{"id":72460,"date":"2013-09-23T14:17:12","date_gmt":"2013-09-23T17:17:12","guid":{"rendered":"http:\/\/www.r2cpress.com.br\/v1\/?p=72460"},"modified":"2013-09-23T14:17:12","modified_gmt":"2013-09-23T17:17:12","slug":"secretaria-da-fazenda-de-ilheus-entrega-demonstrativo-do-segundo-quadrimestre-a-camara-de-vereadores","status":"publish","type":"post","link":"https:\/\/www.r2cpress.com.br\/v1\/2013\/09\/23\/secretaria-da-fazenda-de-ilheus-entrega-demonstrativo-do-segundo-quadrimestre-a-camara-de-vereadores\/","title":{"rendered":"Secretaria da Fazenda de Ilh\u00e9us entrega demonstrativo do segundo quadrimestre \u00e0 C\u00e2mara de Vereadores"},"content":{"rendered":"<p><em><strong>Mesmo sem a audi\u00eancia p\u00fablica, o secret\u00e1rio Marco Carmo entregou e protocolou o demonstrativo referente \u00e0s contas do segundo quadrimestre deste ano, que ser\u00e1 publicado na Imprensa Oficial do Munic\u00edpio, a partir desta segunda-feira, dia 23.<\/strong><\/em><\/p>\n<div id=\"attachment_72462\" style=\"width: 610px\" class=\"wp-caption aligncenter\"><a href=\"http:\/\/www.r2cpress.com.br\/v1\/wp-content\/uploads\/Entrega-do-demostrativo-ref-as-contas-do-2\u00ba-quadrimestre-2013-da-PMI-foto-Gidelzo-Silva-Secom-Ilh\u00e9us-3.jpg\"><img aria-describedby=\"caption-attachment-72462\" loading=\"lazy\" src=\"http:\/\/www.r2cpress.com.br\/v1\/wp-content\/uploads\/Entrega-do-demostrativo-ref-as-contas-do-2\u00ba-quadrimestre-2013-da-PMI-foto-Gidelzo-Silva-Secom-Ilh\u00e9us-3.jpg\" alt=\"Entrega do demostrativo ref as contas do 2\u00ba quadrimestre 2013 da PMI foto Gidelzo Silva Secom-Ilh\u00e9us.\" width=\"600\" height=\"351\" class=\"size-full wp-image-72462\" srcset=\"https:\/\/www.r2cpress.com.br\/v1\/wp-content\/uploads\/Entrega-do-demostrativo-ref-as-contas-do-2\u00ba-quadrimestre-2013-da-PMI-foto-Gidelzo-Silva-Secom-Ilh\u00e9us-3.jpg 600w, https:\/\/www.r2cpress.com.br\/v1\/wp-content\/uploads\/Entrega-do-demostrativo-ref-as-contas-do-2\u00ba-quadrimestre-2013-da-PMI-foto-Gidelzo-Silva-Secom-Ilh\u00e9us-3-300x175.jpg 300w\" sizes=\"(max-width: 600px) 100vw, 600px\" \/><\/a><p id=\"caption-attachment-72462\" class=\"wp-caption-text\">Entrega do demostrativo ref as contas do 2\u00ba quadrimestre 2013 da PMI foto Gidelzo Silva Secom-Ilh\u00e9us.<\/p><\/div>\n<p>O secret\u00e1rio municipal da Fazenda, Marco Ant\u00f4nio Porto Carmo, entregou e protocolou o demonstrativo das contas do munic\u00edpio, referente ao segundo quadrimestre de 2013, na C\u00e2mara de Vereadores de Ilh\u00e9us, na manh\u00e3 desta segunda-feira, dia 23. Al\u00e9m disso, Carmo informou que o material ser\u00e1 publicado na Imprensa Oficial do Munic\u00edpio, a partir desta segunda, para acesso e conhecimento de toda a popula\u00e7\u00e3o.<\/p>\n<p>Estava agendada para a manh\u00e3 desta segunda-feira, a audi\u00eancia p\u00fablica para apresenta\u00e7\u00e3o das contas \u00e0 Comiss\u00e3o de Finan\u00e7as da C\u00e2mara de Vereadores. Contudo, o presidente da comiss\u00e3o, James Costa (PMN), determinou o adiamento do ato, marcando nova audi\u00eancia para a pr\u00f3xima quarta-feira, dia 25, a partir das 14 horas.  <\/p>\n<p>Conforme explicou o presidente, o motivo da transfer\u00eancia da data foi que os outros dois vereadores membros da comiss\u00e3o, Alisson Mendon\u00e7a (PT) e Tarc\u00edsio Paix\u00e3o (PSD), n\u00e3o puderam comparecer \u00e0 audi\u00eancia nesta manh\u00e3. L\u00edderes sindicais dos servidores do munic\u00edpio estiveram presentes ao ato de entrega da documenta\u00e7\u00e3o.<\/p>\n<p>&#8212;<br \/>\nSecretaria de Comunica\u00e7\u00e3o (Secom)<br \/>\nIlh\u00e9us- 23.09.13<\/p>\n","protected":false},"excerpt":{"rendered":"<p>Mesmo sem a audi\u00eancia p\u00fablica, o secret\u00e1rio Marco Carmo entregou e protocolou o demonstrativo referente \u00e0s contas do segundo quadrimestre deste ano, que ser\u00e1 publicado na Imprensa Oficial do Munic\u00edpio, a partir desta segunda-feira, dia 23. O secret\u00e1rio municipal da Fazenda, Marco Ant\u00f4nio Porto Carmo, entregou e protocolou o demonstrativo das contas do munic\u00edpio, referente [&hellip;]<\/p>\n","protected":false},"author":2,"featured_media":0,"comment_status":"open","ping_status":"open","sticky":false,"template":"","format":"standard","meta":{"_links_to":"","_links_to_target":""},"categories":[23],"tags":[],"_links":{"self":[{"href":"https:\/\/www.r2cpress.com.br\/v1\/wp-json\/wp\/v2\/posts\/72460"}],"collection":[{"href":"https:\/\/www.r2cpress.com.br\/v1\/wp-json\/wp\/v2\/posts"}],"about":[{"href":"https:\/\/www.r2cpress.com.br\/v1\/wp-json\/wp\/v2\/types\/post"}],"author":[{"embeddable":true,"href":"https:\/\/www.r2cpress.com.br\/v1\/wp-json\/wp\/v2\/users\/2"}],"replies":[{"embeddable":true,"href":"https:\/\/www.r2cpress.com.br\/v1\/wp-json\/wp\/v2\/comments?post=72460"}],"version-history":[{"count":2,"href":"https:\/\/www.r2cpress.com.br\/v1\/wp-json\/wp\/v2\/posts\/72460\/revisions"}],"predecessor-version":[{"id":72464,"href":"https:\/\/www.r2cpress.com.br\/v1\/wp-json\/wp\/v2\/posts\/72460\/revisions\/72464"}],"wp:attachment":[{"href":"https:\/\/www.r2cpress.com.br\/v1\/wp-json\/wp\/v2\/media?parent=72460"}],"wp:term":[{"taxonomy":"category","embeddable":true,"href":"https:\/\/www.r2cpress.com.br\/v1\/wp-json\/wp\/v2\/categories?post=72460"},{"taxonomy":"post_tag","embeddable":true,"href":"https:\/\/www.r2cpress.com.br\/v1\/wp-json\/wp\/v2\/tags?post=72460"}],"curies":[{"name":"wp","href":"https:\/\/api.w.org\/{rel}","templated":true}]}}