{"id":72466,"date":"2013-09-23T16:13:30","date_gmt":"2013-09-23T19:13:30","guid":{"rendered":"http:\/\/www.r2cpress.com.br\/v1\/?p=72466"},"modified":"2013-09-23T16:13:30","modified_gmt":"2013-09-23T19:13:30","slug":"academia-de-letras-de-ilheus-3","status":"publish","type":"post","link":"https:\/\/www.r2cpress.com.br\/v1\/2013\/09\/23\/academia-de-letras-de-ilheus-3\/","title":{"rendered":"ACADEMIA DE LETRAS DE ILH\u00c9US"},"content":{"rendered":"<div>\n<h2 class=\"ha\"><span class=\"hP\" id=\":1s1\" tabindex=\"-1\">ORA\u00c7\u00c3O AOS JOVENS \u00c9 PALESTRA DE ENCERRAMEN<wbr><\/wbr>TO DO PRIMAVERA CULTURAL<\/span><\/h2>\n<\/div>\n<div>\n<div id=\"attachment_72468\" style=\"width: 310px\" class=\"wp-caption alignright\"><a href=\"http:\/\/www.r2cpress.com.br\/v1\/wp-content\/uploads\/Dorival-de-Freitas1.jpg\"><img aria-describedby=\"caption-attachment-72468\" loading=\"lazy\" class=\"size-full wp-image-72468\" alt=\"Dorival de Freitas\" src=\"http:\/\/www.r2cpress.com.br\/v1\/wp-content\/uploads\/Dorival-de-Freitas1.jpg\" width=\"300\" height=\"409\" srcset=\"https:\/\/www.r2cpress.com.br\/v1\/wp-content\/uploads\/Dorival-de-Freitas1.jpg 300w, https:\/\/www.r2cpress.com.br\/v1\/wp-content\/uploads\/Dorival-de-Freitas1-220x300.jpg 220w\" sizes=\"(max-width: 300px) 100vw, 300px\" \/><\/a><p id=\"caption-attachment-72468\" class=\"wp-caption-text\">Dorival de Freitas<\/p><\/div>\n<p>Quarta-feira, dia 25, a Academia de Letras de Ilh\u00e9us apresenta a \u00faltima palestra do Projeto Primavera Cultural \u2013 A Primavera das Letras, com o tema \u201cOra\u00e7\u00e3o aos Jovens\u201d, que ser\u00e1 ministrada pelo professor Dorival de Freitas (FOTO). O professor, que nasceu na cidade de Santa In\u00eas, estado da Bahia, a 8 de dezembro de 1932, passou a residir em Ilh\u00e9us em 1933.<\/p><\/div>\n<div>Em 1946, iniciou seus estudos no Semin\u00e1rio Central da Bahia \u2013 Humanidades, no Semin\u00e1rio Menor, e filosofia e teologia, no semin\u00e1rio Maior, ordenando-se sacerdote em 6 de dezembro de 1959, na Igreja Matriz de S\u00e3o Jorge. Nos 7 anos de minist\u00e9rio sacerdotal, exerceu os cargos de Diretor Espiritual e Reitor do Semin\u00e1rio S\u00e3o Jorge dos Ilh\u00e9us, Secret\u00e1rio da C\u00faria Diocesana e Capel\u00e3o do Hospital S\u00e3o Jos\u00e9. \u201c\u00c9 desse tempo que me lembro de sua bela orat\u00f3ria,\u201d declara Maria Luiza Heine, confreira e autora do\u00a0<b><a href=\"http:\/\/ilheuscomamor.wordpress.com\/2012\/12\/08\/dorival-de-freitas\/\" target=\"_blank\">blog Ilh\u00e9us com Amor<\/a><\/b>.<\/div>\n<div>Pediu licen\u00e7a do minist\u00e9rio Sacerdotal em 1966 para casar-se, em 1968, com Marita Maria Ocke de Freitas, e assim, dar in\u00edcio a uma nova caminhada. Nosso palestrante estudou filosofia na Faculdade de Filosofia de Itabuna, concluindo o curso em 1969, sendo o orador da turma, como n\u00e3o podia deixar de ser. Posteriormente fez o curso de direito na Federa\u00e7\u00e3o das Escolas Superiores de Ilh\u00e9us e Itabuna (FESPI), concluindo-o em 1978, e foi o orador da turma. Fez concursos para o Magist\u00e9rio M\u00e9dio do Estado da Bahia, para Portugu\u00eas em 1968, e Psicologia Geral em 1970, passando em 1o\u00a0lugar nos dois concursos.<\/div>\n<div>Exerceu ainda os cargos de Diretor do Instituto Municipal de Educa\u00e7\u00e3o, IME, Vice-diretor do Col\u00e9gio Estadual de Ilh\u00e9us, diretor do Centro Integrado de Educa\u00e7\u00e3o R\u00f4mulo Galv\u00e3o, Gerente de Sele\u00e7\u00e3o e Orienta\u00e7\u00e3o na UESC, chefe de Gabinete da Reitoria na UESC e diretor de Revis\u00e3o da Editus, Editora da UESC. Foi professor na Universidade Estadual de Santa Cruz \u2013 UESC \u2013 de Hist\u00f3ria da Filosofia, Antiga e Medieval e Metaf\u00edsica e Professor de Direito Constitucional; foi titular de Cosmologia do Curso de Filosofia e professor de Hist\u00f3ria da Filosofia no Instituto de Teologia de Ilh\u00e9us (ITI). \u00c9 membro da Academia de Letras de Ilh\u00e9us, ocupando a cadeira n\u00b0 11.<\/div>\n<div>A palestra \u201cOra\u00e7\u00e3o aos Jovens\u201d ter\u00e1 in\u00edcio \u00e0s 18:30 horas, na sede da Academia de Letras de Ilh\u00e9us, quarta-feira, dia 25 de setembro de 2013.<\/div>\n","protected":false},"excerpt":{"rendered":"<p>ORA\u00c7\u00c3O AOS JOVENS \u00c9 PALESTRA DE ENCERRAMENTO DO PRIMAVERA CULTURAL Quarta-feira, dia 25, a Academia de Letras de Ilh\u00e9us apresenta a \u00faltima palestra do Projeto Primavera Cultural \u2013 A Primavera das Letras, com o tema \u201cOra\u00e7\u00e3o aos Jovens\u201d, que ser\u00e1 ministrada pelo professor Dorival de Freitas (FOTO). O professor, que nasceu na cidade de Santa [&hellip;]<\/p>\n","protected":false},"author":2,"featured_media":0,"comment_status":"open","ping_status":"open","sticky":false,"template":"","format":"standard","meta":{"_links_to":"","_links_to_target":""},"categories":[5],"tags":[],"_links":{"self":[{"href":"https:\/\/www.r2cpress.com.br\/v1\/wp-json\/wp\/v2\/posts\/72466"}],"collection":[{"href":"https:\/\/www.r2cpress.com.br\/v1\/wp-json\/wp\/v2\/posts"}],"about":[{"href":"https:\/\/www.r2cpress.com.br\/v1\/wp-json\/wp\/v2\/types\/post"}],"author":[{"embeddable":true,"href":"https:\/\/www.r2cpress.com.br\/v1\/wp-json\/wp\/v2\/users\/2"}],"replies":[{"embeddable":true,"href":"https:\/\/www.r2cpress.com.br\/v1\/wp-json\/wp\/v2\/comments?post=72466"}],"version-history":[{"count":3,"href":"https:\/\/www.r2cpress.com.br\/v1\/wp-json\/wp\/v2\/posts\/72466\/revisions"}],"predecessor-version":[{"id":72471,"href":"https:\/\/www.r2cpress.com.br\/v1\/wp-json\/wp\/v2\/posts\/72466\/revisions\/72471"}],"wp:attachment":[{"href":"https:\/\/www.r2cpress.com.br\/v1\/wp-json\/wp\/v2\/media?parent=72466"}],"wp:term":[{"taxonomy":"category","embeddable":true,"href":"https:\/\/www.r2cpress.com.br\/v1\/wp-json\/wp\/v2\/categories?post=72466"},{"taxonomy":"post_tag","embeddable":true,"href":"https:\/\/www.r2cpress.com.br\/v1\/wp-json\/wp\/v2\/tags?post=72466"}],"curies":[{"name":"wp","href":"https:\/\/api.w.org\/{rel}","templated":true}]}}