{"id":72475,"date":"2013-09-23T16:51:59","date_gmt":"2013-09-23T19:51:59","guid":{"rendered":"http:\/\/www.r2cpress.com.br\/v1\/?p=72475"},"modified":"2013-09-23T16:51:59","modified_gmt":"2013-09-23T19:51:59","slug":"pinturas-de-jane-hilda-expostas-no-museu-da-piedade-durante-a-7a-semana-dos-museus","status":"publish","type":"post","link":"https:\/\/www.r2cpress.com.br\/v1\/2013\/09\/23\/pinturas-de-jane-hilda-expostas-no-museu-da-piedade-durante-a-7a-semana-dos-museus\/","title":{"rendered":"PINTURAS DE JANE HILDA EXPOSTAS NO MUSEU DA PIEDADE DURANTE A 7\u00aa. SEMANA DOS MUSEUS"},"content":{"rendered":"<p>Integrando a programa\u00e7\u00e3o regional da 7\u00aa. Primavera de Museus a artista pl\u00e1stica Jane Hilda Badar\u00f3 realiza exposi\u00e7\u00e3o individual no Museu da Piedade, em Ilh\u00e9us, de 23 de setembro a 6 de outubro, sob curadoria de Anarleide Menezes, gestora do Museu. Na oportunidade ser\u00e3o mostradas pinturas com tem\u00e1tica da cultura afro-brasileira interligada com a cultura sulbaiana. \u201cA Bahia \u00e9 um estado brasileiro bem marcado pelas influ\u00eancias africanas, nos mais diversos aspectos. Sinto na minha arte estas marcas. Assim mostro alguns trabalhos que expressam isso, seja na religiosidade, na alimenta\u00e7\u00e3o, na dan\u00e7a- atrav\u00e9s dos orix\u00e1s, de baianas de acaraj\u00e9, da capoeira- dentre outros aspectos\u201d, diz.<\/p>\n<div id=\"attachment_72476\" style=\"width: 514px\" class=\"wp-caption aligncenter\"><a href=\"http:\/\/www.r2cpress.com.br\/v1\/wp-content\/uploads\/CAPA-R2CPRESS192.jpg\"><img aria-describedby=\"caption-attachment-72476\" loading=\"lazy\" class=\"size-full wp-image-72476\" alt=\"Jane Hilda_Piedade.\" src=\"http:\/\/www.r2cpress.com.br\/v1\/wp-content\/uploads\/CAPA-R2CPRESS192.jpg\" width=\"504\" height=\"504\" srcset=\"https:\/\/www.r2cpress.com.br\/v1\/wp-content\/uploads\/CAPA-R2CPRESS192.jpg 504w, https:\/\/www.r2cpress.com.br\/v1\/wp-content\/uploads\/CAPA-R2CPRESS192-150x150.jpg 150w, https:\/\/www.r2cpress.com.br\/v1\/wp-content\/uploads\/CAPA-R2CPRESS192-300x300.jpg 300w\" sizes=\"(max-width: 504px) 100vw, 504px\" \/><\/a><p id=\"caption-attachment-72476\" class=\"wp-caption-text\">Jane Hilda_Piedade.<\/p><\/div>\n<p><i>\u201cMuseu, Mem\u00f3ria e Cultura afro-brasileira\u201d<\/i> \u00e9 o tema da 7\u00aa. Primavera dos Museus, proposto pelo IBRAM, e, na regi\u00e3o cacaueira, organizado pela <i>Rede de Museus e Pontos de Mem\u00f3ria do Sul da Bahia. <\/i>A programa\u00e7\u00e3o do evento em \u00e2mbito regional- aberta em 26 de setembro no Museu da Piedade com palestra do Professor da Universidade Estadual de Santa Cruz- UESC, Ruy P\u00f3voas- se estende at\u00e9 o dia 29 de setembro, com diversas atividades envolvendo visitas guiadas, apresenta\u00e7\u00e3o de filmes\/cinema, teatro, m\u00fasica, dan\u00e7a\/bal\u00e9 afro, mini-cursos, oficinas,enfim, diversas manifesta\u00e7\u00f5es art\u00edsticas nos munic\u00edpios de Ilh\u00e9us, Itabuna, Itaju\u00edpe, Uru\u00e7uca e Barro Preto.<\/p>\n<p>A Primavera dos Museus acontece anualmente desde 2007, e \u00e9 resultado de uma a\u00e7\u00e3o conjunta entre as institui\u00e7\u00f5es museol\u00f3gicas de todo o pa\u00eds e do Instituto Brasileiro de Museus- IBRAM, visando a aproxima\u00e7\u00e3o destes com a sociedade. O prop\u00f3sito \u00e9 mobilizar os museus brasileiros a partir de um esfor\u00e7o de concentra\u00e7\u00e3o de suas programa\u00e7\u00f5es em torno de um mesmo tema, e os museus que participam da a\u00e7\u00e3o t\u00eam conseguido alcan\u00e7ar importantes resultados, como aumento da visita\u00e7\u00e3o, fortalecimento da imagem do museu e aumento de sua visibilidade. \u00a0Todas as informa\u00e7\u00f5es da Programa\u00e7\u00e3o Regional podem ser obtidas no Museu do Cacau, na\u00a0 Rua Eust\u00e1quio Bastos- Ilh\u00e9us,\u00a0 das 9 \u00e0s 17 horas.<\/p>\n","protected":false},"excerpt":{"rendered":"<p>Integrando a programa\u00e7\u00e3o regional da 7\u00aa. Primavera de Museus a artista pl\u00e1stica Jane Hilda Badar\u00f3 realiza exposi\u00e7\u00e3o individual no Museu da Piedade, em Ilh\u00e9us, de 23 de setembro a 6 de outubro, sob curadoria de Anarleide Menezes, gestora do Museu. Na oportunidade ser\u00e3o mostradas pinturas com tem\u00e1tica da cultura afro-brasileira interligada com a cultura sulbaiana. [&hellip;]<\/p>\n","protected":false},"author":2,"featured_media":0,"comment_status":"open","ping_status":"open","sticky":false,"template":"","format":"standard","meta":{"_links_to":"","_links_to_target":""},"categories":[5],"tags":[],"_links":{"self":[{"href":"https:\/\/www.r2cpress.com.br\/v1\/wp-json\/wp\/v2\/posts\/72475"}],"collection":[{"href":"https:\/\/www.r2cpress.com.br\/v1\/wp-json\/wp\/v2\/posts"}],"about":[{"href":"https:\/\/www.r2cpress.com.br\/v1\/wp-json\/wp\/v2\/types\/post"}],"author":[{"embeddable":true,"href":"https:\/\/www.r2cpress.com.br\/v1\/wp-json\/wp\/v2\/users\/2"}],"replies":[{"embeddable":true,"href":"https:\/\/www.r2cpress.com.br\/v1\/wp-json\/wp\/v2\/comments?post=72475"}],"version-history":[{"count":3,"href":"https:\/\/www.r2cpress.com.br\/v1\/wp-json\/wp\/v2\/posts\/72475\/revisions"}],"predecessor-version":[{"id":72479,"href":"https:\/\/www.r2cpress.com.br\/v1\/wp-json\/wp\/v2\/posts\/72475\/revisions\/72479"}],"wp:attachment":[{"href":"https:\/\/www.r2cpress.com.br\/v1\/wp-json\/wp\/v2\/media?parent=72475"}],"wp:term":[{"taxonomy":"category","embeddable":true,"href":"https:\/\/www.r2cpress.com.br\/v1\/wp-json\/wp\/v2\/categories?post=72475"},{"taxonomy":"post_tag","embeddable":true,"href":"https:\/\/www.r2cpress.com.br\/v1\/wp-json\/wp\/v2\/tags?post=72475"}],"curies":[{"name":"wp","href":"https:\/\/api.w.org\/{rel}","templated":true}]}}