{"id":72488,"date":"2013-09-23T19:22:40","date_gmt":"2013-09-23T22:22:40","guid":{"rendered":"http:\/\/www.r2cpress.com.br\/v1\/?p=72488"},"modified":"2013-09-23T19:22:40","modified_gmt":"2013-09-23T22:22:40","slug":"ilheus-comeco-meio-e-fim","status":"publish","type":"post","link":"https:\/\/www.r2cpress.com.br\/v1\/2013\/09\/23\/ilheus-comeco-meio-e-fim\/","title":{"rendered":"ILH\u00c9US \u2013 COME\u00c7O, MEIO E FIM."},"content":{"rendered":"<div id=\"attachment_72489\" style=\"width: 610px\" class=\"wp-caption aligncenter\"><a href=\"http:\/\/www.r2cpress.com.br\/v1\/wp-content\/uploads\/rezende-ilh\u00e9us-come\u00e7o-meio-e-fim.jpg\"><img aria-describedby=\"caption-attachment-72489\" loading=\"lazy\" class=\"size-full wp-image-72489\" alt=\"Ilh\u00e9us\" src=\"http:\/\/www.r2cpress.com.br\/v1\/wp-content\/uploads\/rezende-ilh\u00e9us-come\u00e7o-meio-e-fim.jpg\" width=\"600\" height=\"434\" srcset=\"https:\/\/www.r2cpress.com.br\/v1\/wp-content\/uploads\/rezende-ilh\u00e9us-come\u00e7o-meio-e-fim.jpg 600w, https:\/\/www.r2cpress.com.br\/v1\/wp-content\/uploads\/rezende-ilh\u00e9us-come\u00e7o-meio-e-fim-300x217.jpg 300w\" sizes=\"(max-width: 600px) 100vw, 600px\" \/><\/a><p id=\"caption-attachment-72489\" class=\"wp-caption-text\">Ilh\u00e9us<\/p><\/div>\n<p><img loading=\"lazy\" class=\"alignleft\" alt=\"\" src=\"http:\/\/www.r2cpress.com.br\/v1\/wp-content\/uploads\/rezende-novo-email.jpg\" width=\"300\" height=\"102\" \/>Engana-se, quem n\u00e3o sabe que o prefeito de Ilh\u00e9us, tenha total controle da situa\u00e7\u00e3o. Eu tamb\u00e9m cheguei a pensar assim, e achava que a ren\u00fancia seria a melhor op\u00e7\u00e3o.<\/p>\n<p>O problema, \u00e9 que somos leigos e continuaremos sendo, na sua maioria, pois n\u00e3o enxergamos um palmo adiante do nariz, em politicagem.<\/p>\n<p>O atual prefeito, Sr. Jabes Ribeiro, \u00e9 um cidad\u00e3o experimentado, inteligente e acima de tudo \u201cescaldado\u201d, por isso tem medo de \u201c\u00e1gua fria\u201d.<\/p>\n<p>Acompanhem meu racioc\u00ednio. Todo pol\u00edtico sabe, que a maioria dos brasileiros tem mem\u00f3ria curta, conseguindo armazenar apenas os \u00faltimos dias, ou meses, que quaisquer situa\u00e7\u00f5es neste sentido.<\/p>\n<p>Vamos para o caso espec\u00edfico de Ilh\u00e9us. Todos n\u00f3s sabemos que o atual prefeito, governou esta cidade por 14 anos, em tr\u00eas mandatos. E quer queiramos ou n\u00e3o, neste per\u00edodo a cidade era outra. Destaque nacional, e uma s\u00e9rie de tantas coisas, que \u00e9 not\u00f3rio com as nossas reclama\u00e7\u00f5es de tudo que est\u00e1 se deteriorando em Ilh\u00e9us, que foram realizadas no governo, do qual estamos nos referindo, e neste caso, n\u00e3o importa se boa parte foi com verbas estadual ou federal, o que vale mesmo, \u00e9 que foram trazidas pelo empenho da sua lideran\u00e7a pol\u00edtica, temos que d\u00e1 a m\u00e3o a palmat\u00f3ria E tudo isso foi esquecido, pois nos seus \u00faltimos meses da sua \u00faltima administra\u00e7\u00e3o, deixou escapar de suas m\u00e3os a responsabilidade administrativa, e com isso a cidade naquele per\u00edodo entrou em ebuli\u00e7\u00e3o. Com isto, n\u00e3o conseguiu eleger seu sucessor.<\/p>\n<p>Entra o Sr. Walderico, mais por vingan\u00e7a, e o povo na sua maioria embarcou na onda do \u201cesse \u00e9 o homem\u201d. Rico, empres\u00e1rio bem sucedido e pronto, Ilh\u00e9us seria mil maravilhas.<\/p>\n<p>Como n\u00f3s temos a mem\u00f3ria curta, deixamos nos levar por um discurso, que virou tema da sua campanha eleitoral, que foi: \u201cN\u00e3o preciso do sal\u00e1rio de prefeito. Ganho por m\u00eas 600.000 mil reais, e com o sal\u00e1rio que tenho direito, doarei para constru\u00e7\u00e3o de creches\u201d. \u201cSou candidato porque quero me vingar de Jabes, e vou provar que sou mais poderoso\u201d, e por a\u00ed foram outras aberra\u00e7\u00f5es, e n\u00e3o me digam que n\u00e3o se lembram disto. Foi tema de quase todos os seus com\u00edcios, e os que estavam l\u00e1, aplaudiam, gritavam e mais uma vez a maioria n\u00e3o se deu conta disto.<\/p>\n<p>N\u00e3o nos atentamos, que ele n\u00e3o se comprometia com o munic\u00edpio e sim, numa vingan\u00e7a incontrol\u00e1vel, e deu no que deu.<\/p>\n<p>Assume o vice, o Sr. Newton Lima, que ficou ao lado de Walderico, por 30 meses (dois anos e seis meses), aprovando tudo de errado, e quem cala consente.<\/p>\n<p>Mas, com seu \u201cfeij\u00e3o com arroz\u201d, muito suculento, conseguiu com uma verba, que deu para \u201cmaquiar\u201d a cidade nos \u00faltimos dias, que tinha direito como prefeito empossado. E mais uma vez a nossa mem\u00f3ria curta, se iludimos mais uma vez, porque esquecemos que o Newton Lima tinha sido o vice e nada fez, para que o povo soubesse da bagun\u00e7a administrativa, que estava ocorrendo e nem t\u00e3o pouco quis abrir m\u00e3o, por vaidade, do cargo.<\/p>\n<p>Sai, candidato a reelei\u00e7\u00e3o e foi eleito com uma expressiva quantidade de votos, ainda pouco vista em Ilh\u00e9us.<\/p>\n<p>Foi um desastre, que o povo n\u00e3o via a hora para que o mandato dele terminasse.<\/p>\n<p><!--more--><\/p>\n<p>Jabes d\u00e1 a volta por cima e volta a administrar Ilh\u00e9us, pela vontade da maioria, e n\u00f3s mais uma vez, levamos em conta o desastre de Newton Lima, que estava \u201cfresquinho\u201d na nossa mem\u00f3ria, e a\u00ed aparece de novo a nossa mem\u00f3ria curta. Apesar, que n\u00f3s a maioria, achava que Jabes representava a salva\u00e7\u00e3o, e era o que melhor se apresentava naquele momento. E tomara, para bem desta cidade que seja assim, pois nos \u201ccoredores\u201d, n\u00e3o vejo os pol\u00edticos contr\u00e1rios, nos bares da vida, comentar sobre o caos que se abate sobre Ilh\u00e9us, para encontrar solu\u00e7\u00f5es. O lema \u00e9 um s\u00f3, \u201ca cidade que se dane, queremos mesmo \u00e9 derrub\u00e1-lo\u201d, para assumir o poder a qualquer custo, assim pensam eles.<\/p>\n<p>Do jeito que a situa\u00e7\u00e3o administrativa em Ilh\u00e9us se encontra, pudemos diante deste racioc\u00ednio dizer, que o prefeito Jabes Ribeiro, ter\u00e1 controle at\u00e9 o final de outubro, ainda mais, depois da volta dos 50% dos servidores em greve, ao trabalho.<\/p>\n<p>O \u201cfeij\u00e3o com arroz\u201d tem in\u00edcio, o povo se aquieta mais um pouco, e o restante \u00e9 realmente tomar posse em definitivo no pr\u00f3ximo m\u00eas de novembro e preparar a cidade para a chegada do ver\u00e3o, e receber os nossos visitantes, pelo menos com um pouco mais de dignidade, e a cidade volte ao ritmo normal.<\/p>\n<p>As mais graves situa\u00e7\u00f5es ocorrem com a educa\u00e7\u00e3o e sa\u00fade, temos pelo visto, que esperar ainda um bom tempo.<\/p>\n<p>Os servidores da educa\u00e7\u00e3o, como os demais em greve, que \u00e9 um direito constitucional, mesmo que este dispositivo, ainda n\u00e3o tenha sido regulamentado em Lei, desde a Constitui\u00e7\u00e3o de 1989. S\u00e3o alvos de diversas cr\u00edticas.<\/p>\n<p>Em particular, apenas para que n\u00f3s compreendamos o descaso do governo federal, principalmente com a educa\u00e7\u00e3o, pois \u00e9 assim que interessa a grande maioria dos pol\u00edticos e seus partidos. E levam at\u00e9 as \u00faltimas consequ\u00eancias, para realmente deixar nossas crian\u00e7as e jovens, que s\u00e3o o futuro deste pa\u00eds, sem a m\u00ednima no\u00e7\u00e3o, de como se defenderem da maioria destes corruptos. Corruptos de tudo, do dinheiro p\u00fablico, da f\u00e9, da cultura, do saber, da dignidade e corruptos da mis\u00e9ria.<\/p>\n<p>Ent\u00e3o vejamos. Os jovens, n\u00e3o tendo aulas regulamentares, v\u00e3o-se pelo raro o pouco que aprenderam antes das greves, como tamb\u00e9m o est\u00edmulo para estudar. E os professores, que n\u00e3o s\u00e3o pagos como deveria ser, na sua maioria, n\u00e3o tem mais como se apiedar-se destas pobres criaturas, e a\u00ed fica tudo, como eles gostam e querem. Um pa\u00eds carente de tudo, e de todos os seus caprichos.<\/p>\n<p>Esta de dizer, que os alunos n\u00e3o ser\u00e3o prejudicados, e que as aulas ser\u00e3o repostas, \u00e9 outra balela. N\u00e3o se recomp\u00f5em o que foi perdido ao longo do tempo, simplesmente com \u201cajeitamentos\u201d, nos curr\u00edculos escolares, com a simples inten\u00e7\u00e3o de negociar a greve, sem os devidos cortes no ponto dos dias parados.<\/p>\n<p>Pois, sei tamb\u00e9m, pois j\u00e1 fui servidor p\u00fablico federal, que os sindicatos, n\u00e3o negociam, tendo como \u201cbandeira\u201d principal o corte dos dias parados, para n\u00e3o ca\u00edrem no descr\u00e9dito e aconte\u00e7a, o que j\u00e1 vem ocorrendo aos poucos, onde estes mesmos sindicatos veem perdendo cada vez mais seus filiados.<\/p>\n<p>Portanto, \u00e9 tudo orquestrado, ao bel prazer pela maioria dos l\u00edderes pol\u00edticos, sindicais e de associa\u00e7\u00f5es.<\/p>\n<p>N\u00f3s o pov\u00e3o, vamos \u201cna onda\u201d, at\u00e9 quando n\u00e3o sei, s\u00f3 sei que os jovens come\u00e7am a despertar para isso, mas \u00e9 preciso n\u00e3o se deixar corromper, pois \u00e9 isto que eles querem. \u00c9 preciso ter atitude, e atitude \u00e9 coisa mais s\u00e9ria, e n\u00e3o no marasmo do deixa para ver o que acontece, pois o come\u00e7o \u00e9 cada vez mais cruel.<\/p>\n<p>&#8212;<\/p>\n<p><em><strong>Jos\u00e9 Rezende Mendon\u00e7a<\/strong><\/em><\/p>\n","protected":false},"excerpt":{"rendered":"<p>Engana-se, quem n\u00e3o sabe que o prefeito de Ilh\u00e9us, tenha total controle da situa\u00e7\u00e3o. Eu tamb\u00e9m cheguei a pensar assim, e achava que a ren\u00fancia seria a melhor op\u00e7\u00e3o. O problema, \u00e9 que somos leigos e continuaremos sendo, na sua maioria, pois n\u00e3o enxergamos um palmo adiante do nariz, em politicagem. O atual prefeito, Sr. [&hellip;]<\/p>\n","protected":false},"author":2,"featured_media":0,"comment_status":"open","ping_status":"open","sticky":false,"template":"","format":"standard","meta":{"_links_to":"","_links_to_target":""},"categories":[10],"tags":[],"_links":{"self":[{"href":"https:\/\/www.r2cpress.com.br\/v1\/wp-json\/wp\/v2\/posts\/72488"}],"collection":[{"href":"https:\/\/www.r2cpress.com.br\/v1\/wp-json\/wp\/v2\/posts"}],"about":[{"href":"https:\/\/www.r2cpress.com.br\/v1\/wp-json\/wp\/v2\/types\/post"}],"author":[{"embeddable":true,"href":"https:\/\/www.r2cpress.com.br\/v1\/wp-json\/wp\/v2\/users\/2"}],"replies":[{"embeddable":true,"href":"https:\/\/www.r2cpress.com.br\/v1\/wp-json\/wp\/v2\/comments?post=72488"}],"version-history":[{"count":3,"href":"https:\/\/www.r2cpress.com.br\/v1\/wp-json\/wp\/v2\/posts\/72488\/revisions"}],"predecessor-version":[{"id":72492,"href":"https:\/\/www.r2cpress.com.br\/v1\/wp-json\/wp\/v2\/posts\/72488\/revisions\/72492"}],"wp:attachment":[{"href":"https:\/\/www.r2cpress.com.br\/v1\/wp-json\/wp\/v2\/media?parent=72488"}],"wp:term":[{"taxonomy":"category","embeddable":true,"href":"https:\/\/www.r2cpress.com.br\/v1\/wp-json\/wp\/v2\/categories?post=72488"},{"taxonomy":"post_tag","embeddable":true,"href":"https:\/\/www.r2cpress.com.br\/v1\/wp-json\/wp\/v2\/tags?post=72488"}],"curies":[{"name":"wp","href":"https:\/\/api.w.org\/{rel}","templated":true}]}}