{"id":72493,"date":"2013-09-23T19:40:36","date_gmt":"2013-09-23T22:40:36","guid":{"rendered":"http:\/\/www.r2cpress.com.br\/v1\/?p=72493"},"modified":"2013-09-23T19:40:36","modified_gmt":"2013-09-23T22:40:36","slug":"prefeitura-informa-que-poda-de-arvores-compete-ao-proprietario-do-terreno","status":"publish","type":"post","link":"https:\/\/www.r2cpress.com.br\/v1\/2013\/09\/23\/prefeitura-informa-que-poda-de-arvores-compete-ao-proprietario-do-terreno\/","title":{"rendered":"Prefeitura informa que poda de \u00e1rvores compete ao propriet\u00e1rio do terreno"},"content":{"rendered":"<p><em><strong>O propriet\u00e1rio deve fazer requerimento na Secretaria Municipal de Ambiente e Urbanismo, solicitando vistoria para identificar as interven\u00e7\u00f5es necess\u00e1rias,evitando dados aos cidad\u00e3os. A prefeitura s\u00f3 \u00e9 respons\u00e1vel pela execu\u00e7\u00e3o de podas em terrenos pertencentes ao munic\u00edpio.<\/strong><\/em><\/p>\n<p>A Prefeitura de Ilh\u00e9us informa que n\u00e3o \u00e9 respons\u00e1vel por podas de \u00e1rvores em \u00e1reas que n\u00e3o sejam de dom\u00ednio do munic\u00edpio. Isso inclui terrenos privados e pertencentes a outros entes governamentais. Conforme explica o chefe do setor de fiscaliza\u00e7\u00e3o da Secretaria Municipal de Meio Ambiente e Urbanismo (Sema), Paulo Fonseca, compete ao munic\u00edpio apenas liberar a autoriza\u00e7\u00e3o para que o propriet\u00e1rio da \u00e1rea realize a poda, seguindo as determina\u00e7\u00f5es do \u00f3rg\u00e3o. A a\u00e7\u00e3o do munic\u00edpio est\u00e1 inteiramente ligada ao controle e prote\u00e7\u00e3o ambiental. <\/p>\n<p>No caso da Cesta do Povo, em rela\u00e7\u00e3o ao incidente que aconteceu no \u00faltimo s\u00e1bado, dia 21, a Prefeitura lamenta o ocorrido, e reitera que n\u00e3o tem poder para intervir em \u00e1rea pertencente a terceiros, embora, nos casos envolvendo institui\u00e7\u00f5es ou entidades vinculadas \u00e0 administra\u00e7\u00e3o p\u00fablica, como neste caso, a Ger\u00eancia de Servi\u00e7os P\u00fablicos, Secretaria de Desenvolvimento Urbano (Sedur), at\u00e9 se proponha a realizar o servi\u00e7o, como contribui\u00e7\u00e3o, caso haja solicita\u00e7\u00e3o, mas a responsabilidade legal do governo municipal \u00e9 limitada \u00e0 poda de \u00e1rvores em terrenos pertencentes ao munic\u00edpio.<\/p>\n<p>Procedimento \u2013 O gerente de Servi\u00e7os P\u00fablicos da Sedur, Dermeval Gomes, explica o procedimento correto para a realiza\u00e7\u00e3o da poda de \u00e1rvores. O primeiro passo \u00e9 fazer requerimento na Sema, solicitando aos fiscais de meio ambiente uma vistoria, na qual ser\u00e3o identificadas as interven\u00e7\u00f5es necess\u00e1rias para evitar dados aos cidad\u00e3os. <\/p>\n<p>Para realizar a vistoria \u00e9 cobrada uma taxa de R$ 18, 00. \u201cSe houver risco e a \u00e1rvore estiver em \u00e1rea pertencente ao munic\u00edpio, a Prefeitura faz o servi\u00e7o, atrav\u00e9s do nosso setor (Ger\u00eancia de Servi\u00e7os P\u00fablicos); caso esteja em terreno privado, a prefeitura apenas orienta o que deve ser realizado ou colabora, segundo solicita\u00e7\u00e3o do requerente\u201d, informa. Gomes salienta ainda que no caso da Cesta do Povo, n\u00e3o chegou a sua ger\u00eancia nenhum tipo de solicita\u00e7\u00e3o para execu\u00e7\u00e3o do servi\u00e7o.<\/p>\n<p>&#8212;<br \/>\nSecretaria de Comunica\u00e7\u00e3o (Secom)<br \/>\nIlh\u00e9us- 23.09.13<\/p>\n","protected":false},"excerpt":{"rendered":"<p>O propriet\u00e1rio deve fazer requerimento na Secretaria Municipal de Ambiente e Urbanismo, solicitando vistoria para identificar as interven\u00e7\u00f5es necess\u00e1rias,evitando dados aos cidad\u00e3os. A prefeitura s\u00f3 \u00e9 respons\u00e1vel pela execu\u00e7\u00e3o de podas em terrenos pertencentes ao munic\u00edpio. A Prefeitura de Ilh\u00e9us informa que n\u00e3o \u00e9 respons\u00e1vel por podas de \u00e1rvores em \u00e1reas que n\u00e3o sejam de [&hellip;]<\/p>\n","protected":false},"author":2,"featured_media":0,"comment_status":"open","ping_status":"open","sticky":false,"template":"","format":"standard","meta":{"_links_to":"","_links_to_target":""},"categories":[23],"tags":[],"_links":{"self":[{"href":"https:\/\/www.r2cpress.com.br\/v1\/wp-json\/wp\/v2\/posts\/72493"}],"collection":[{"href":"https:\/\/www.r2cpress.com.br\/v1\/wp-json\/wp\/v2\/posts"}],"about":[{"href":"https:\/\/www.r2cpress.com.br\/v1\/wp-json\/wp\/v2\/types\/post"}],"author":[{"embeddable":true,"href":"https:\/\/www.r2cpress.com.br\/v1\/wp-json\/wp\/v2\/users\/2"}],"replies":[{"embeddable":true,"href":"https:\/\/www.r2cpress.com.br\/v1\/wp-json\/wp\/v2\/comments?post=72493"}],"version-history":[{"count":2,"href":"https:\/\/www.r2cpress.com.br\/v1\/wp-json\/wp\/v2\/posts\/72493\/revisions"}],"predecessor-version":[{"id":72495,"href":"https:\/\/www.r2cpress.com.br\/v1\/wp-json\/wp\/v2\/posts\/72493\/revisions\/72495"}],"wp:attachment":[{"href":"https:\/\/www.r2cpress.com.br\/v1\/wp-json\/wp\/v2\/media?parent=72493"}],"wp:term":[{"taxonomy":"category","embeddable":true,"href":"https:\/\/www.r2cpress.com.br\/v1\/wp-json\/wp\/v2\/categories?post=72493"},{"taxonomy":"post_tag","embeddable":true,"href":"https:\/\/www.r2cpress.com.br\/v1\/wp-json\/wp\/v2\/tags?post=72493"}],"curies":[{"name":"wp","href":"https:\/\/api.w.org\/{rel}","templated":true}]}}