{"id":72512,"date":"2013-09-24T11:01:11","date_gmt":"2013-09-24T14:01:11","guid":{"rendered":"http:\/\/www.r2cpress.com.br\/v1\/?p=72512"},"modified":"2013-09-24T11:01:11","modified_gmt":"2013-09-24T14:01:11","slug":"aula-inaugural-do-projovem-urbano-ocorre-nesta-quinta-em-ilheus","status":"publish","type":"post","link":"https:\/\/www.r2cpress.com.br\/v1\/2013\/09\/24\/aula-inaugural-do-projovem-urbano-ocorre-nesta-quinta-em-ilheus\/","title":{"rendered":"Aula inaugural do Projovem Urbano ocorre nesta quinta em Ilh\u00e9us"},"content":{"rendered":"<p><em><strong>O programa \u00e9 destinado a pessoas na faixa et\u00e1ria entre 18 e 29 anos, que n\u00e3o tenham conclu\u00eddo o ensino fundamental. As inscri\u00e7\u00f5es continuam abertas aos interessados, de segunda a sexta-feira, na sede da Seduc e no Caic Darcy Ribeiro.<\/strong><\/em><\/p>\n<p>A aula inaugural do programa Projovem Urbano 2013, em Ilh\u00e9us, ser\u00e1 realizada na pr\u00f3xima quinta-feira, dia 26,\u00e0s 19 horas, no audit\u00f3rio do Centro de Aten\u00e7\u00e3o Integral \u00e0 Crian\u00e7a Darcy Ribeiro (Caic), na zona sul da cidade. Durante a solenidade de abertura, haver\u00e1 apresenta\u00e7\u00f5es do programa e de car\u00e1ter cultural, com a presen\u00e7a da secret\u00e1ria municipal de Educa\u00e7\u00e3o, Marl\u00facia Mendes da Rocha, entre outras autoridades.<\/p>\n<p>Conforme a coordenadora do Projovem Urbano, Em\u00edlia Souza Vila Nova, as matr\u00edculas para o programa continuam abertas na sede da Secretaria de Educa\u00e7\u00e3o (Seduc) e no Caic, de segunda a sexta-feira, das 8 \u00e0s 12 horas e das 13h30 \u00e0s 17h30.<\/p>\n<p>As inscri\u00e7\u00f5es s\u00e3o destinadas aos cidad\u00e3os e cidad\u00e3s na faixa et\u00e1ria de 18 a 29 anos, que ainda n\u00e3o conclu\u00edram o ensino fundamental. No ato de inscri\u00e7\u00e3o, o interessado deve apresentar documentos como o hist\u00f3rico escolar, carteira de identidade, CPF e comprovante de resid\u00eancia.<\/p>\n<p>A principal finalidade do Projovem \u00e9 proporcionar forma\u00e7\u00e3o integral aos jovens, por meio da associa\u00e7\u00e3o entre a conclus\u00e3o do ensino fundamental, para eleva\u00e7\u00e3o da escolaridade, a qualifica\u00e7\u00e3o profissional e a participa\u00e7\u00e3o cidad\u00e3, com a promo\u00e7\u00e3o de experi\u00eancia de atua\u00e7\u00e3o social na comunidade.<\/p>\n<p>Forma\u00e7\u00e3o e qualidade profissional \u2013 O Programa Projovem Urbano combina a forma\u00e7\u00e3o no ensino fundamental com a qualifica\u00e7\u00e3o profissional. O per\u00edodo das atividades \u00e9 de 18 meses, com aux\u00edlio de R$ 100 por m\u00eas. Nesse n\u00facleo em forma\u00e7\u00e3o, s\u00e3o oferecidos cursos do Arco Ocupacional de Servi\u00e7os Pessoais, como manicura e pedicura, cabeleireiro, depilador e maquiador, inclus\u00e3o digital e conclus\u00e3o do ensino fundamental, al\u00e9m de ter, na grade curricular, as disciplinas de portugu\u00eas, ingl\u00eas, matem\u00e1tica, ci\u00eancias naturais e humanas. Ao final do curso, o aluno receber\u00e1 os certificados de conclus\u00e3o do Ensino Fundamental e do curso profissionalizante.<\/p>\n<p>&#8212;<br \/>\nSecretaria de Comunica\u00e7\u00e3o Social (Secom)<br \/>\nIlh\u00e9us \u2013 24.09.2013<\/p>\n","protected":false},"excerpt":{"rendered":"<p>O programa \u00e9 destinado a pessoas na faixa et\u00e1ria entre 18 e 29 anos, que n\u00e3o tenham conclu\u00eddo o ensino fundamental. As inscri\u00e7\u00f5es continuam abertas aos interessados, de segunda a sexta-feira, na sede da Seduc e no Caic Darcy Ribeiro. A aula inaugural do programa Projovem Urbano 2013, em Ilh\u00e9us, ser\u00e1 realizada na pr\u00f3xima quinta-feira, [&hellip;]<\/p>\n","protected":false},"author":2,"featured_media":0,"comment_status":"open","ping_status":"open","sticky":false,"template":"","format":"standard","meta":{"_links_to":"","_links_to_target":""},"categories":[1],"tags":[],"_links":{"self":[{"href":"https:\/\/www.r2cpress.com.br\/v1\/wp-json\/wp\/v2\/posts\/72512"}],"collection":[{"href":"https:\/\/www.r2cpress.com.br\/v1\/wp-json\/wp\/v2\/posts"}],"about":[{"href":"https:\/\/www.r2cpress.com.br\/v1\/wp-json\/wp\/v2\/types\/post"}],"author":[{"embeddable":true,"href":"https:\/\/www.r2cpress.com.br\/v1\/wp-json\/wp\/v2\/users\/2"}],"replies":[{"embeddable":true,"href":"https:\/\/www.r2cpress.com.br\/v1\/wp-json\/wp\/v2\/comments?post=72512"}],"version-history":[{"count":2,"href":"https:\/\/www.r2cpress.com.br\/v1\/wp-json\/wp\/v2\/posts\/72512\/revisions"}],"predecessor-version":[{"id":72514,"href":"https:\/\/www.r2cpress.com.br\/v1\/wp-json\/wp\/v2\/posts\/72512\/revisions\/72514"}],"wp:attachment":[{"href":"https:\/\/www.r2cpress.com.br\/v1\/wp-json\/wp\/v2\/media?parent=72512"}],"wp:term":[{"taxonomy":"category","embeddable":true,"href":"https:\/\/www.r2cpress.com.br\/v1\/wp-json\/wp\/v2\/categories?post=72512"},{"taxonomy":"post_tag","embeddable":true,"href":"https:\/\/www.r2cpress.com.br\/v1\/wp-json\/wp\/v2\/tags?post=72512"}],"curies":[{"name":"wp","href":"https:\/\/api.w.org\/{rel}","templated":true}]}}