{"id":72520,"date":"2013-09-24T12:27:24","date_gmt":"2013-09-24T15:27:24","guid":{"rendered":"http:\/\/www.r2cpress.com.br\/v1\/?p=72520"},"modified":"2013-09-24T12:27:24","modified_gmt":"2013-09-24T15:27:24","slug":"estudante-do-pronatec-tem-carteira-de-trabalho-assinada-na-solenidade-de-formatura","status":"publish","type":"post","link":"https:\/\/www.r2cpress.com.br\/v1\/2013\/09\/24\/estudante-do-pronatec-tem-carteira-de-trabalho-assinada-na-solenidade-de-formatura\/","title":{"rendered":"Estudante do Pronatec tem Carteira de Trabalho assinada na solenidade de formatura"},"content":{"rendered":"<p><em><strong>\u201cA chance de poder trabalhar \u00e9 \u00fanica e vou aproveitar para ganhar mais conhecimento e evoluir dentro da empresa\u201d, destacou o novo Auxiliar Administrativo, Ricardo Ant\u00f4nio da Silva, ap\u00f3s ter a CTPS assinada por um empres\u00e1rio da regi\u00e3o.<\/strong><\/em><\/p>\n<div id=\"attachment_72521\" style=\"width: 610px\" class=\"wp-caption aligncenter\"><a href=\"http:\/\/www.r2cpress.com.br\/v1\/wp-content\/uploads\/O-empres\u00e1rio-Crispim-Pereira-assinou-a-CTPS-do-formando-Ricardo-Ant\u00f4nio-da-Silva-Foto-Gidelzo-Silva-Secom-Ilh\u00e9us-23.09.13-169.jpg\"><img aria-describedby=\"caption-attachment-72521\" loading=\"lazy\" src=\"http:\/\/www.r2cpress.com.br\/v1\/wp-content\/uploads\/O-empres\u00e1rio-Crispim-Pereira-assinou-a-CTPS-do-formando-Ricardo-Ant\u00f4nio-da-Silva-Foto-Gidelzo-Silva-Secom-Ilh\u00e9us-23.09.13-169.jpg\" alt=\"O empres\u00e1rio Crispim Pereira assinou a CTPS do formando Ricardo Ant\u00f4nio da Silva - Foto Gidelzo Silva Secom-Ilh\u00e9us 23.09.13.\" width=\"600\" height=\"487\" class=\"size-full wp-image-72521\" srcset=\"https:\/\/www.r2cpress.com.br\/v1\/wp-content\/uploads\/O-empres\u00e1rio-Crispim-Pereira-assinou-a-CTPS-do-formando-Ricardo-Ant\u00f4nio-da-Silva-Foto-Gidelzo-Silva-Secom-Ilh\u00e9us-23.09.13-169.jpg 600w, https:\/\/www.r2cpress.com.br\/v1\/wp-content\/uploads\/O-empres\u00e1rio-Crispim-Pereira-assinou-a-CTPS-do-formando-Ricardo-Ant\u00f4nio-da-Silva-Foto-Gidelzo-Silva-Secom-Ilh\u00e9us-23.09.13-169-300x243.jpg 300w\" sizes=\"(max-width: 600px) 100vw, 600px\" \/><\/a><p id=\"caption-attachment-72521\" class=\"wp-caption-text\">O empres\u00e1rio Crispim Pereira assinou a CTPS do formando Ricardo Ant\u00f4nio da Silva &#8211; Foto Gidelzo Silva Secom-Ilh\u00e9us 23.09.13.<\/p><\/div>\n<p>Capacita\u00e7\u00e3o profissional, desenvolvimento socioecon\u00f4mico regional e mais esperan\u00e7as e oportunidades para jovens s\u00e3o resultados do Programa de Acesso ao Ensino T\u00e9cnico e Emprego (Pronatec), do governo Federal, desenvolvido em Ilh\u00e9us, atrav\u00e9s da Secretaria Municipal de Desenvolvimento Social (SDS). Nesta segunda-feira, dia 23, cerca de 300 estudantes dos munic\u00edpios de Ilh\u00e9us e de Itabuna, receberam o certificado de conclus\u00e3o dos cursos profissionalizantes oferecidos no primeiro semestre deste ano.<\/p>\n<p><!--more--><\/p>\n<p>A solenidade ocorreu no Centro de Conven\u00e7\u00f5es Luis Eduardo Magalh\u00e3es, em Ilh\u00e9us e contou com a presen\u00e7a do prefeito Jabes Ribeiro,dos secret\u00e1rios Estaduais de Turismo Domingos Leonellie de Desenvolvimento Social e Combate \u00e0 Pobreza, Moema Gramacho, representando o governo do Estado, o vice-prefeito de Itabuna Wenceslau Junior, al\u00e9m de outras autoridades.A cerim\u00f4nia foi transmitida em tempo real pela r\u00e1dio Borg FM online, teve in\u00edcio com o pronunciamento do professor e titular da SDS Jamil Ock\u00e9. \u201cO Pronatec \u00e9 um presente para os jovens e adultos de Ilh\u00e9us que necessitam de qualifica\u00e7\u00e3o e requalifica\u00e7\u00e3o profissional\u201d.<\/p>\n<p>Ap\u00f3s receber o diploma, o jovem Ricardo Ant\u00f4nio da Silva, que concluiu o curso de Auxiliar Administrativo, teve a sua Carteira de Trabalho e Previd\u00eancia Social (CTPS) assinada pelo empres\u00e1rio Crispim Pereira. \u201c\u00c9 preciso que todos os empres\u00e1rios tenham a iniciativa de dar oportunidade aos jovens para que eles possam por em pr\u00e1tica o que aprenderam e somar for\u00e7as para fazer com que a empresa cres\u00e7a\u201d, destacou Pereira. Segundo Ricardo, \u201ca chance de poder trabalhar \u00e9 \u00fanica e vou aproveitar para ganhar mais conhecimento e evoluir dentro da empresa\u201d.<\/p>\n<p>Qualifica\u00e7\u00e3o \u2013 O prefeito Jabes Ribeiro ressaltou que a qualifica\u00e7\u00e3o da m\u00e3o de obra \u00e9 uma a\u00e7\u00e3o importante para o desenvolvimento do munic\u00edpio.  \u201c\u00c9 necess\u00e1ria a amplia\u00e7\u00e3o de oportunidades para que esses jovens possam atuar nas suas \u00e1reas de compet\u00eancia, oferecendo servi\u00e7os mais qualificados e condizentes com as atuais necessidades das empresas e usu\u00e1rios\u201d. Asecret\u00e1ria estadual Moema Gramacho acredita que \u201cos cursos s\u00e3o fundamentais para que as pessoas e fam\u00edlias contempladas peloCad\u00danico possam ter a chance de conseguir uma qualifica\u00e7\u00e3o profissional para ter reais oportunidades de competir no mercado de trabalho\u201d.<\/p>\n<p>Para o secret\u00e1rio Domingos Leonelli, \u201ca qualifica\u00e7\u00e3o profissional \u00e9 um dos pilares que sustenta a \u00e1rea do turismo e esses cursos s\u00e3o muito importantes, pois trazem para o nosso Estado um servi\u00e7o bem prestado que gera uma maior economia para a regi\u00e3o\u201d. Do mesmo modo, acredita o jovem de 21 anos, Maincon Douglas Soares, que recebeu o certificado do curso de Espanhol Aplicado a Servi\u00e7os Tur\u00edsticos. \u201cEsse curso com certeza ir\u00e1 abrir portas para que eu possa ingressar no mercado de trabalho\u201d, destacou.<\/p>\n<p>Receberam o certificado os estudantes dos cursos de Auxiliar de Fiscaliza\u00e7\u00e3o Ambiental, Assistente de Planejamento e Controle de Produ\u00e7\u00e3o, Assistente de Opera\u00e7\u00e3o de Log\u00edstica Portu\u00e1ria, Auxiliar Administrativo, Agente de Alimenta\u00e7\u00e3o Escolar, Camareira em Meios de Hospedagem, Montador de Computador, Operador de Computador, Ingl\u00eas Aplicado a Servi\u00e7os Tur\u00edsticos, Espanhol Aplicado a Servi\u00e7os Tur\u00edsticos e Fot\u00f3grafo.<\/p>\n<p>&#8212;<br \/>\nSecretaria de Comunica\u00e7\u00e3o Social (Secom)<br \/>\nIlh\u00e9us \u2013 24.09.2013<\/p>\n","protected":false},"excerpt":{"rendered":"<p>\u201cA chance de poder trabalhar \u00e9 \u00fanica e vou aproveitar para ganhar mais conhecimento e evoluir dentro da empresa\u201d, destacou o novo Auxiliar Administrativo, Ricardo Ant\u00f4nio da Silva, ap\u00f3s ter a CTPS assinada por um empres\u00e1rio da regi\u00e3o. Capacita\u00e7\u00e3o profissional, desenvolvimento socioecon\u00f4mico regional e mais esperan\u00e7as e oportunidades para jovens s\u00e3o resultados do Programa de [&hellip;]<\/p>\n","protected":false},"author":2,"featured_media":0,"comment_status":"open","ping_status":"open","sticky":false,"template":"","format":"standard","meta":{"_links_to":"","_links_to_target":""},"categories":[23],"tags":[],"_links":{"self":[{"href":"https:\/\/www.r2cpress.com.br\/v1\/wp-json\/wp\/v2\/posts\/72520"}],"collection":[{"href":"https:\/\/www.r2cpress.com.br\/v1\/wp-json\/wp\/v2\/posts"}],"about":[{"href":"https:\/\/www.r2cpress.com.br\/v1\/wp-json\/wp\/v2\/types\/post"}],"author":[{"embeddable":true,"href":"https:\/\/www.r2cpress.com.br\/v1\/wp-json\/wp\/v2\/users\/2"}],"replies":[{"embeddable":true,"href":"https:\/\/www.r2cpress.com.br\/v1\/wp-json\/wp\/v2\/comments?post=72520"}],"version-history":[{"count":2,"href":"https:\/\/www.r2cpress.com.br\/v1\/wp-json\/wp\/v2\/posts\/72520\/revisions"}],"predecessor-version":[{"id":72523,"href":"https:\/\/www.r2cpress.com.br\/v1\/wp-json\/wp\/v2\/posts\/72520\/revisions\/72523"}],"wp:attachment":[{"href":"https:\/\/www.r2cpress.com.br\/v1\/wp-json\/wp\/v2\/media?parent=72520"}],"wp:term":[{"taxonomy":"category","embeddable":true,"href":"https:\/\/www.r2cpress.com.br\/v1\/wp-json\/wp\/v2\/categories?post=72520"},{"taxonomy":"post_tag","embeddable":true,"href":"https:\/\/www.r2cpress.com.br\/v1\/wp-json\/wp\/v2\/tags?post=72520"}],"curies":[{"name":"wp","href":"https:\/\/api.w.org\/{rel}","templated":true}]}}