{"id":72524,"date":"2013-09-24T13:31:53","date_gmt":"2013-09-24T16:31:53","guid":{"rendered":"http:\/\/www.r2cpress.com.br\/v1\/?p=72524"},"modified":"2013-09-24T13:31:53","modified_gmt":"2013-09-24T16:31:53","slug":"prefeitura-de-canavieiras","status":"publish","type":"post","link":"https:\/\/www.r2cpress.com.br\/v1\/2013\/09\/24\/prefeitura-de-canavieiras\/","title":{"rendered":"Prefeitura de Canavieiras"},"content":{"rendered":"<p align=\"center\"><b>Cortejo Po\u00e9tico Cultural \u201cencanta\u201d Canavieiras<br \/>\n<\/b><\/p>\n<div id=\"attachment_72525\" style=\"width: 610px\" class=\"wp-caption aligncenter\"><a href=\"http:\/\/www.r2cpress.com.br\/v1\/wp-content\/uploads\/Cortejo-Po\u00e9tico-20-09-13-14.jpg\"><img aria-describedby=\"caption-attachment-72525\" loading=\"lazy\" class=\"size-full wp-image-72525\" alt=\"Cortejo Po\u00e9tico\" src=\"http:\/\/www.r2cpress.com.br\/v1\/wp-content\/uploads\/Cortejo-Po\u00e9tico-20-09-13-14.jpg\" width=\"600\" height=\"338\" srcset=\"https:\/\/www.r2cpress.com.br\/v1\/wp-content\/uploads\/Cortejo-Po\u00e9tico-20-09-13-14.jpg 600w, https:\/\/www.r2cpress.com.br\/v1\/wp-content\/uploads\/Cortejo-Po\u00e9tico-20-09-13-14-300x169.jpg 300w\" sizes=\"(max-width: 600px) 100vw, 600px\" \/><\/a><p id=\"caption-attachment-72525\" class=\"wp-caption-text\">Cortejo Po\u00e9tico<\/p><\/div>\n<p><b>\u00a0<\/b>A Secretaria da Cultura de Canavieiras promoveu nesta sexta-feira (20) mais um Cortejo Po\u00e9tico Cultura. A caravana, integrada por m\u00fasicos, poetas, atores e artistas de diversas express\u00f5es culturais, se concentrou no \u201csinal\u201d da rua 13, e a partir das 18 horas, iniciou a caminhada em dire\u00e7\u00e3o ao Col\u00e9gio No\u00e9cia.<\/p>\n<p>No percurso, o cortejo realizava apresenta\u00e7\u00f5es, declamando poesias de poetas canavieirenses e outros de renome nacional, bem como m\u00fasicas de diversos autores. Durante a caminhada, caravana cultural tamb\u00e9m parava em frente \u00e0s resid\u00eancias e bares, cantando m\u00fasicas e declamando poesias, para a satisfa\u00e7\u00e3o dos moradores.<\/p>\n<p>Explica o prefeito de Canavieiras, Almir Melo, que Canavieiras sempre foi rica em manifesta\u00e7\u00f5es culturais, com expoentes em v\u00e1rias linguagens culturais. \u201cAl\u00e9m de ser uma atividade l\u00fadica que proporciona bem-estar, essa \u00e9 mais uma oportunidade de enriquecermos o turismo de nossa cidade\u201d, explica o prefeito.<\/p>\n<p>Segundo o secret\u00e1rio municipal da Cultura, Jorge Carvalho, o projeto Cortejo Po\u00e9tico Cultural \u00e9 promovido a cada per\u00edodo de \u201clua cheia\u201d, e tem o objetivo de estimular as manifesta\u00e7\u00f5es culturais de Canavieiras. \u201cNossa inten\u00e7\u00e3o \u00e9 envolver, cada vez mais, a popula\u00e7\u00e3o com a cultura\u201d, revelou.<\/p>\n<p>No Col\u00e9gio No\u00e9cia o cortejo foi recebido por professores e alunos, que se integraram aos artistas e participaram ativamente da apresenta\u00e7\u00e3o. Segundo o diretor do Col\u00e9gio No\u00e9cia, Vitor F\u00e1bio, a escola est\u00e1 trabalhando com o tema \u201cCenten\u00e1rio de Vin\u00edcius de Moraes\u201d e o teatro, cuja culmin\u00e2ncia ser\u00e1 programada para uma data a ser agendada.<\/p>\n","protected":false},"excerpt":{"rendered":"<p>Cortejo Po\u00e9tico Cultural \u201cencanta\u201d Canavieiras \u00a0A Secretaria da Cultura de Canavieiras promoveu nesta sexta-feira (20) mais um Cortejo Po\u00e9tico Cultura. A caravana, integrada por m\u00fasicos, poetas, atores e artistas de diversas express\u00f5es culturais, se concentrou no \u201csinal\u201d da rua 13, e a partir das 18 horas, iniciou a caminhada em dire\u00e7\u00e3o ao Col\u00e9gio No\u00e9cia. No [&hellip;]<\/p>\n","protected":false},"author":2,"featured_media":0,"comment_status":"open","ping_status":"open","sticky":false,"template":"","format":"standard","meta":{"_links_to":"","_links_to_target":""},"categories":[22],"tags":[],"_links":{"self":[{"href":"https:\/\/www.r2cpress.com.br\/v1\/wp-json\/wp\/v2\/posts\/72524"}],"collection":[{"href":"https:\/\/www.r2cpress.com.br\/v1\/wp-json\/wp\/v2\/posts"}],"about":[{"href":"https:\/\/www.r2cpress.com.br\/v1\/wp-json\/wp\/v2\/types\/post"}],"author":[{"embeddable":true,"href":"https:\/\/www.r2cpress.com.br\/v1\/wp-json\/wp\/v2\/users\/2"}],"replies":[{"embeddable":true,"href":"https:\/\/www.r2cpress.com.br\/v1\/wp-json\/wp\/v2\/comments?post=72524"}],"version-history":[{"count":3,"href":"https:\/\/www.r2cpress.com.br\/v1\/wp-json\/wp\/v2\/posts\/72524\/revisions"}],"predecessor-version":[{"id":72528,"href":"https:\/\/www.r2cpress.com.br\/v1\/wp-json\/wp\/v2\/posts\/72524\/revisions\/72528"}],"wp:attachment":[{"href":"https:\/\/www.r2cpress.com.br\/v1\/wp-json\/wp\/v2\/media?parent=72524"}],"wp:term":[{"taxonomy":"category","embeddable":true,"href":"https:\/\/www.r2cpress.com.br\/v1\/wp-json\/wp\/v2\/categories?post=72524"},{"taxonomy":"post_tag","embeddable":true,"href":"https:\/\/www.r2cpress.com.br\/v1\/wp-json\/wp\/v2\/tags?post=72524"}],"curies":[{"name":"wp","href":"https:\/\/api.w.org\/{rel}","templated":true}]}}