{"id":72533,"date":"2013-09-24T18:26:42","date_gmt":"2013-09-24T21:26:42","guid":{"rendered":"http:\/\/www.r2cpress.com.br\/v1\/?p=72533"},"modified":"2013-09-24T18:26:42","modified_gmt":"2013-09-24T21:26:42","slug":"prefeito-de-ilheus-reduz-proprio-salario-e-concede-reajuste-a-servidores","status":"publish","type":"post","link":"https:\/\/www.r2cpress.com.br\/v1\/2013\/09\/24\/prefeito-de-ilheus-reduz-proprio-salario-e-concede-reajuste-a-servidores\/","title":{"rendered":"Prefeito de Ilh\u00e9us reduz pr\u00f3prio sal\u00e1rio e concede reajuste a servidores"},"content":{"rendered":"<p><em><strong>Para evitar demiss\u00f5es, a proposta prev\u00ea a redu\u00e7\u00e3o de 30% no sal\u00e1rio do prefeito, de 20% nos vencimentos dos comissionados e concede a revis\u00e3o salarial da infla\u00e7\u00e3o anual e o piso nacional para os professores. Ainda est\u00e1 prevista a redu\u00e7\u00e3o de 20% na jornada dos servidores, com exce\u00e7\u00e3o daqueles que ganham at\u00e9 R$ 1 mil. Jabes pediu o fim imediato da greve.<\/strong><\/em><\/p>\n<div id=\"attachment_72534\" style=\"width: 610px\" class=\"wp-caption aligncenter\"><a href=\"http:\/\/www.r2cpress.com.br\/v1\/wp-content\/uploads\/Prefeito-Jabes-Ribeiro-apresenta-proposta-de-revis\u00e3o-sal\u00e1rial-a-servidores-foto-Gidelzo-Silva-Secom-Ilh\u00e9us-24.09.13-38.jpg\"><img aria-describedby=\"caption-attachment-72534\" loading=\"lazy\" src=\"http:\/\/www.r2cpress.com.br\/v1\/wp-content\/uploads\/Prefeito-Jabes-Ribeiro-apresenta-proposta-de-revis\u00e3o-sal\u00e1rial-a-servidores-foto-Gidelzo-Silva-Secom-Ilh\u00e9us-24.09.13-38.jpg\" alt=\"Prefeito Jabes Ribeiro apresenta proposta de revis\u00e3o sal\u00e1rial a servidores foto Gidelzo Silva Secom-Ilh\u00e9us 24.09.13.\" width=\"600\" height=\"270\" class=\"size-full wp-image-72534\" srcset=\"https:\/\/www.r2cpress.com.br\/v1\/wp-content\/uploads\/Prefeito-Jabes-Ribeiro-apresenta-proposta-de-revis\u00e3o-sal\u00e1rial-a-servidores-foto-Gidelzo-Silva-Secom-Ilh\u00e9us-24.09.13-38.jpg 600w, https:\/\/www.r2cpress.com.br\/v1\/wp-content\/uploads\/Prefeito-Jabes-Ribeiro-apresenta-proposta-de-revis\u00e3o-sal\u00e1rial-a-servidores-foto-Gidelzo-Silva-Secom-Ilh\u00e9us-24.09.13-38-300x135.jpg 300w\" sizes=\"(max-width: 600px) 100vw, 600px\" \/><\/a><p id=\"caption-attachment-72534\" class=\"wp-caption-text\">Prefeito Jabes Ribeiro apresenta proposta de revis\u00e3o sal\u00e1rial a servidores foto Gidelzo Silva Secom-Ilh\u00e9us 24.09.13.<\/p><\/div>\n<p>Em reuni\u00e3o com os representantes dos sindicatos dos servidores municipais de Ilh\u00e9us, o prefeito Jabes Ribeiro, apresentou, na tarde desta ter\u00e7a-feira, dia 24, uma proposta oficial que concede a revis\u00e3o salarial de 5,84%, mais a concess\u00e3o do piso nacional da Educa\u00e7\u00e3o, de 7,97%, para os professores. A proposta \u00e9 complementada com a redu\u00e7\u00e3o do pr\u00f3prio sal\u00e1rio do chefe do Executivo, em 30%, e de 20% nos vencimentos de todos os comissionados da administra\u00e7\u00e3o, na redu\u00e7\u00e3o em 20% da jornada de trabalho de todos os servidores, excetuando-se aqueles com sal\u00e1rios de at\u00e9 R$ 1 mil. Ou seja, 1.758 funcion\u00e1rios estariam fora dos ajustes, embora recebam a revis\u00e3o salarial.<\/p>\n<p><!--more--><\/p>\n<p>No encontro, que foi intermediado pelo bispo diocesano Dom Mauro Montagnoli, o prefeito salientou todo o esfor\u00e7o que est\u00e1 sendo feito para adequar as contas municipais \u00e0s exig\u00eancias da Lei de Responsabilidade Fiscal (LRF) e, ao mesmo tempo, evitar a demiss\u00e3o de exatamente 1.002 funcion\u00e1rios, contingente constitu\u00eddo por 483 contratos tempor\u00e1rios, nas \u00e1reas da Educa\u00e7\u00e3o, Sa\u00fade e programas sociais, e mais 519 servidores admitidos entre 1983 e 1988. \u201cDesde o in\u00edcio da gest\u00e3o, a recomenda\u00e7\u00e3o que tenho recebido \u00e9 para que efetue o n\u00famero de demiss\u00f5es que se fizerem necess\u00e1rias para adequar as contas municipais \u00e0s exig\u00eancias da LRF, mas sempre evitei esta alternativa e estamos apresentando uma proposta que tem exatamente o objetivo de impedir o desemprego de tantos pais e m\u00e3es de fam\u00edlia\u201d, declarou Jabes Ribeiro.<\/p>\n<p>Esfor\u00e7o extra- A proposta apresentada aos sindicalistas ainda n\u00e3o \u00e9 suficiente para colocar as despesas com a folha salarial dentro dos limites estabelecidos pela LRF, esclareceu o prefeito. E explicou: \u201cN\u00f3s teremos que fazer um grande esfor\u00e7o extra, n\u00e3o apenas no per\u00edodo que resta de 2013, mas nos pr\u00f3ximos anos, para aumentar a arrecada\u00e7\u00e3o e podermos, assim, colocar as contas municipais num patamar mais confort\u00e1vel\u201d.<\/p>\n<p>Ao final do encontro, o prefeito dirigiu-se aos sindicalistas fazendo um apelo para que eles suspendam a paralisa\u00e7\u00e3o que tem afetado a presta\u00e7\u00e3o dos servi\u00e7os essenciais \u00e0 popula\u00e7\u00e3o h\u00e1 mais de 60 dias, enquanto s\u00e3o acertados quaisquer detalhes que ainda possam existir para a assinatura do acordo final entre a Prefeitura e os sindicatos. \u201c\u00c9 preciso que haja uma compreens\u00e3o de todos em rela\u00e7\u00e3o \u00e0s dificuldades que o munic\u00edpio est\u00e1 atravessando e, por esta raz\u00e3o, \u00e9 imprescind\u00edvel que todos fa\u00e7amos nossa parte para que Ilh\u00e9us n\u00e3o continue a sofrer com tantos problemas\u201d, conclamou Jabes Ribeiro, agradecendo a participa\u00e7\u00e3o do bispo Dom Mauro Montagnoli no processo que deve levar ao fim do impasse.<\/p>\n<p>Estavam presentes na reuni\u00e3o os secret\u00e1rios municipais de Administra\u00e7\u00e3o, Ricardo Machado, e de Planejamento Tecnologia e Or\u00e7amento, Joaquim Bastos, o Procurador Geral do Munic\u00edpio, Ot\u00e1vio Augusto Carmo, al\u00e9m de outros secret\u00e1rios e diretores. A reuni\u00e3o contou com a presen\u00e7a dos lideres sindicais, Enilda Mendon\u00e7a, representando a Associa\u00e7\u00e3o dos Profissionais Professores de Ilh\u00e9us (APPI),Luis Claudio Viana Machado, do Sindicato dos Servidores de Ilh\u00e9us (Sinsepi), F\u00e1bio Ricardo Ara\u00fajo dos Santos, do Sindicato dos Agentes de Tr\u00e2nsito do Estado da Bahia (Sindatran-Ba) e Pedro de Oliveira Santos, representando o Sindicato dos Guardas Civis do Estado da Bahia (Sindguarda-BA), al\u00e9m de outros membros sindicais.<\/p>\n<p>Os vereadores James Costa (PMN), Tarciso Paix\u00e3o (PSD) e Alzim\u00e1rio Belmonte Vieira (Gurita \u2013 PP) e o presidente da Ordem dos Advogados do Brasil Subse\u00e7\u00e3o Ilh\u00e9us, Marcos Rhem tamb\u00e9m participaram da reuni\u00e3o.<\/p>\n<p>&#8212;<br \/>\nSecretaria de Comunica\u00e7\u00e3o Social (Secom)<br \/>\nIlh\u00e9us \u2013 24.09.2013<\/p>\n","protected":false},"excerpt":{"rendered":"<p>Para evitar demiss\u00f5es, a proposta prev\u00ea a redu\u00e7\u00e3o de 30% no sal\u00e1rio do prefeito, de 20% nos vencimentos dos comissionados e concede a revis\u00e3o salarial da infla\u00e7\u00e3o anual e o piso nacional para os professores. Ainda est\u00e1 prevista a redu\u00e7\u00e3o de 20% na jornada dos servidores, com exce\u00e7\u00e3o daqueles que ganham at\u00e9 R$ 1 mil. [&hellip;]<\/p>\n","protected":false},"author":2,"featured_media":0,"comment_status":"open","ping_status":"open","sticky":false,"template":"","format":"standard","meta":{"_links_to":"","_links_to_target":""},"categories":[23],"tags":[],"_links":{"self":[{"href":"https:\/\/www.r2cpress.com.br\/v1\/wp-json\/wp\/v2\/posts\/72533"}],"collection":[{"href":"https:\/\/www.r2cpress.com.br\/v1\/wp-json\/wp\/v2\/posts"}],"about":[{"href":"https:\/\/www.r2cpress.com.br\/v1\/wp-json\/wp\/v2\/types\/post"}],"author":[{"embeddable":true,"href":"https:\/\/www.r2cpress.com.br\/v1\/wp-json\/wp\/v2\/users\/2"}],"replies":[{"embeddable":true,"href":"https:\/\/www.r2cpress.com.br\/v1\/wp-json\/wp\/v2\/comments?post=72533"}],"version-history":[{"count":2,"href":"https:\/\/www.r2cpress.com.br\/v1\/wp-json\/wp\/v2\/posts\/72533\/revisions"}],"predecessor-version":[{"id":72536,"href":"https:\/\/www.r2cpress.com.br\/v1\/wp-json\/wp\/v2\/posts\/72533\/revisions\/72536"}],"wp:attachment":[{"href":"https:\/\/www.r2cpress.com.br\/v1\/wp-json\/wp\/v2\/media?parent=72533"}],"wp:term":[{"taxonomy":"category","embeddable":true,"href":"https:\/\/www.r2cpress.com.br\/v1\/wp-json\/wp\/v2\/categories?post=72533"},{"taxonomy":"post_tag","embeddable":true,"href":"https:\/\/www.r2cpress.com.br\/v1\/wp-json\/wp\/v2\/tags?post=72533"}],"curies":[{"name":"wp","href":"https:\/\/api.w.org\/{rel}","templated":true}]}}