{"id":72559,"date":"2013-09-25T12:50:02","date_gmt":"2013-09-25T15:50:02","guid":{"rendered":"http:\/\/www.r2cpress.com.br\/v1\/?p=72559"},"modified":"2013-09-25T12:50:02","modified_gmt":"2013-09-25T15:50:02","slug":"qualidade-da-agua-das-praias-de-ilheus-e-monitorada","status":"publish","type":"post","link":"https:\/\/www.r2cpress.com.br\/v1\/2013\/09\/25\/qualidade-da-agua-das-praias-de-ilheus-e-monitorada\/","title":{"rendered":"Qualidade da \u00e1gua das praias de Ilh\u00e9us \u00e9 monitorada"},"content":{"rendered":"<p><em><strong>O trabalho \u00e9 realizado pelo Inema, com o apoio da Secretaria Municipal de Meio Ambiente e Urbanismo, e consiste em an\u00e1lises peri\u00f3dicas da \u00e1gua a partir de indicadores f\u00edsicos, qu\u00edmicos e biol\u00f3gicos.<\/strong><\/em><\/p>\n<div id=\"attachment_72560\" style=\"width: 610px\" class=\"wp-caption aligncenter\"><a href=\"http:\/\/www.r2cpress.com.br\/v1\/wp-content\/uploads\/Panor\u00e2mica-com-a-Catedral-de-S\u00e3o-Sebasti\u00e3o-Foto-Alfredo-Filho-Secom-Ilh\u00e9us.jpg\"><img aria-describedby=\"caption-attachment-72560\" loading=\"lazy\" src=\"http:\/\/www.r2cpress.com.br\/v1\/wp-content\/uploads\/Panor\u00e2mica-com-a-Catedral-de-S\u00e3o-Sebasti\u00e3o-Foto-Alfredo-Filho-Secom-Ilh\u00e9us.jpg\" alt=\"Panor\u00e2mica com a Catedral de S\u00e3o Sebasti\u00e3o - Foto Alfredo Filho (Secom Ilh\u00e9us).\" width=\"600\" height=\"452\" class=\"size-full wp-image-72560\" srcset=\"https:\/\/www.r2cpress.com.br\/v1\/wp-content\/uploads\/Panor\u00e2mica-com-a-Catedral-de-S\u00e3o-Sebasti\u00e3o-Foto-Alfredo-Filho-Secom-Ilh\u00e9us.jpg 600w, https:\/\/www.r2cpress.com.br\/v1\/wp-content\/uploads\/Panor\u00e2mica-com-a-Catedral-de-S\u00e3o-Sebasti\u00e3o-Foto-Alfredo-Filho-Secom-Ilh\u00e9us-300x226.jpg 300w\" sizes=\"(max-width: 600px) 100vw, 600px\" \/><\/a><p id=\"caption-attachment-72560\" class=\"wp-caption-text\">Panor\u00e2mica com a Catedral de S\u00e3o Sebasti\u00e3o &#8211; Foto Alfredo Filho (Secom Ilh\u00e9us).<\/p><\/div>\n<p>A popula\u00e7\u00e3o de Ilh\u00e9us conta com um importante trabalho de monitoramento da qualidade das \u00e1guas das praias do munic\u00edpio realizado pelo Instituto do Meio Ambiente e Recursos H\u00eddricos (Inema), autarquia vinculada \u00e0 Secretaria Estadual de Meio Ambiente. A coleta do material, que possui apoio e fiscaliza\u00e7\u00e3o da Secretaria Municipal de Meio Ambiente e Urbanismo (Sema) de Ilh\u00e9us, \u00e9 feita semanalmente por t\u00e9cnicos do instituto, sendo, posteriormente, enviada para laborat\u00f3rios credenciados.<\/p>\n<div id=\"attachment_72561\" style=\"width: 610px\" class=\"wp-caption aligncenter\"><a href=\"http:\/\/www.r2cpress.com.br\/v1\/wp-content\/uploads\/Morro-de-Pernambuco-Secom-Ilh\u00e9us.jpg\"><img aria-describedby=\"caption-attachment-72561\" loading=\"lazy\" src=\"http:\/\/www.r2cpress.com.br\/v1\/wp-content\/uploads\/Morro-de-Pernambuco-Secom-Ilh\u00e9us.jpg\" alt=\"Morro de Pernambuco - Secom Ilh\u00e9us.\" width=\"600\" height=\"223\" class=\"size-full wp-image-72561\" srcset=\"https:\/\/www.r2cpress.com.br\/v1\/wp-content\/uploads\/Morro-de-Pernambuco-Secom-Ilh\u00e9us.jpg 600w, https:\/\/www.r2cpress.com.br\/v1\/wp-content\/uploads\/Morro-de-Pernambuco-Secom-Ilh\u00e9us-300x111.jpg 300w\" sizes=\"(max-width: 600px) 100vw, 600px\" \/><\/a><p id=\"caption-attachment-72561\" class=\"wp-caption-text\">Morro de Pernambuco &#8211; Secom Ilh\u00e9us.<\/p><\/div>\n<p>De posse dos resultados, o Inema efetua a divulga\u00e7\u00e3o de boletins, indicando, entre outros aspectos, as praias que apresentam condi\u00e7\u00f5es adequadas para o banho. As informa\u00e7\u00f5es est\u00e3o dispon\u00edveis no site da Prefeitura de Ilh\u00e9us (www.ilheus.ba.gov.br). L\u00e1, o internauta dever\u00e1 acessar o link Nosso Munic\u00edpio e, em seguida, no Espa\u00e7o do Turista, clicar no link Litoral, onde o usu\u00e1rio vai encotrar em negrito \u2018Monitoramento das praias\u2019.<\/p>\n<div id=\"attachment_72562\" style=\"width: 610px\" class=\"wp-caption aligncenter\"><a href=\"http:\/\/www.r2cpress.com.br\/v1\/wp-content\/uploads\/Praia-do-Sul-Secom-Ilh\u00e9us.jpg\"><img aria-describedby=\"caption-attachment-72562\" loading=\"lazy\" src=\"http:\/\/www.r2cpress.com.br\/v1\/wp-content\/uploads\/Praia-do-Sul-Secom-Ilh\u00e9us.jpg\" alt=\"Praia do Sul - Secom Ilh\u00e9us\" width=\"600\" height=\"317\" class=\"size-full wp-image-72562\" srcset=\"https:\/\/www.r2cpress.com.br\/v1\/wp-content\/uploads\/Praia-do-Sul-Secom-Ilh\u00e9us.jpg 600w, https:\/\/www.r2cpress.com.br\/v1\/wp-content\/uploads\/Praia-do-Sul-Secom-Ilh\u00e9us-300x158.jpg 300w\" sizes=\"(max-width: 600px) 100vw, 600px\" \/><\/a><p id=\"caption-attachment-72562\" class=\"wp-caption-text\">Praia do Sul &#8211; Secom Ilh\u00e9us<\/p><\/div>\n<p>Para o secret\u00e1rio de Meio Ambiente e Urbanismo, Ant\u00f4nio Vieira, o trabalho desenvolvido pelo Inema \u00e9 de fundamental import\u00e2ncia para a comunidade, que passa a ter mais um instrumento de informa\u00e7\u00e3o. \u201cNosso objetivo \u00e9 garantir a seguran\u00e7a e o bem-estar de ilheenses e visitantes. Para isso, seguimos trabalhando em conjunto com outros \u00f3rg\u00e3os p\u00fablicos, a exemplo da Embasa, com a finalidade de eliminar algumas dificuldades e, com isso, garantir a balneabilidade de todas as praias do munic\u00edpio\u201d, comentou. <\/p>\n<p><strong>Balneabilidade <\/strong><\/p>\n<p><!--more--><\/p>\n<p>O gerente de Gest\u00e3o Ambiental da Prefeitura de Ilh\u00e9us, Alex Coutinho, explica que o resultado das coletas semanais realizadas pelo Inema pode ser marcado por indicadores f\u00edsicos, qu\u00edmicos e biol\u00f3gicos. \u201cDentro dessa realidade, os t\u00e9cnicos analisam a presen\u00e7a e a concentra\u00e7\u00e3o de elementos poluentes, como, por exemplo, os coliformes fecais. Entretanto, \u00e9 a concentra\u00e7\u00e3o desses elementos que vai definir a balneabilidadeda praia, ou seja, se aquela \u00e1rea est\u00e1 apta para o banho e demais atividades\u201d, enfatiza.<\/p>\n<p>Alex Coutinho informa ainda que, al\u00e9m de fiscalizar o trabalho de monitoramento da qualidade das \u00e1guas das praias ilheenses, a Sema utiliza os boletins semanais expedidos pelo Inema para cobrar provid\u00eancias dos eventuais agentes poluidores. \u201cPara coibir determinados abusos, como, por exemplo,as famosasliga\u00e7\u00f5es clandestinas de esgoto sanit\u00e1rio na rede de drenagem pluvial, temos alguns instrumentos, como a notifica\u00e7\u00e3o e a n\u00e3o renova\u00e7\u00e3o de licen\u00e7as ambientais\u201d, ressalta.<\/p>\n<p>Boletim &#8211; O boletim 37, emitido no dia 13 de setembro pelo Inema, considera em boas condi\u00e7\u00f5es para o banho as praias de Barra de S\u00e3o Miguel, Soares Lopes, Cristo, Opaba, Ceplus (dois pontos), Milion\u00e1rios, Cururupe e Oliven\u00e7a.J\u00e1 trechos das praias do Malhado (pr\u00f3ximo \u00e0 escultura da Sereia) e do Marciano (pr\u00f3ximo ao Bar Litr\u00e3o)foram considerados impr\u00f3prias.<\/p>\n<p>Informa o Instituto do Meio Ambiente e Recursos H\u00eddricos que \u00e9 fundamental que as pessoas evitem o banho de praia em dias chuvosos. Segundo t\u00e9cnicos do \u00f3rg\u00e3o, as \u00e1guas podem estar contaminadas por diversos detritos, vindos das ruas atrav\u00e9s das galerias pluviais. Tamb\u00e9m \u00e9 desaconselh\u00e1vel o banho nas proximidades da sa\u00edda de esgotos, desembocadura dos rios urbanos, c\u00f3rregos e canais de drenagem.<\/p>\n<p>&#8212;<br \/>\nSecretaria de Comunica\u00e7\u00e3o Social (Secom)<br \/>\nIlh\u00e9us \u2013 25.09.2013<\/p>\n","protected":false},"excerpt":{"rendered":"<p>O trabalho \u00e9 realizado pelo Inema, com o apoio da Secretaria Municipal de Meio Ambiente e Urbanismo, e consiste em an\u00e1lises peri\u00f3dicas da \u00e1gua a partir de indicadores f\u00edsicos, qu\u00edmicos e biol\u00f3gicos. A popula\u00e7\u00e3o de Ilh\u00e9us conta com um importante trabalho de monitoramento da qualidade das \u00e1guas das praias do munic\u00edpio realizado pelo Instituto do [&hellip;]<\/p>\n","protected":false},"author":2,"featured_media":0,"comment_status":"open","ping_status":"open","sticky":false,"template":"","format":"standard","meta":{"_links_to":"","_links_to_target":""},"categories":[23],"tags":[],"_links":{"self":[{"href":"https:\/\/www.r2cpress.com.br\/v1\/wp-json\/wp\/v2\/posts\/72559"}],"collection":[{"href":"https:\/\/www.r2cpress.com.br\/v1\/wp-json\/wp\/v2\/posts"}],"about":[{"href":"https:\/\/www.r2cpress.com.br\/v1\/wp-json\/wp\/v2\/types\/post"}],"author":[{"embeddable":true,"href":"https:\/\/www.r2cpress.com.br\/v1\/wp-json\/wp\/v2\/users\/2"}],"replies":[{"embeddable":true,"href":"https:\/\/www.r2cpress.com.br\/v1\/wp-json\/wp\/v2\/comments?post=72559"}],"version-history":[{"count":2,"href":"https:\/\/www.r2cpress.com.br\/v1\/wp-json\/wp\/v2\/posts\/72559\/revisions"}],"predecessor-version":[{"id":72564,"href":"https:\/\/www.r2cpress.com.br\/v1\/wp-json\/wp\/v2\/posts\/72559\/revisions\/72564"}],"wp:attachment":[{"href":"https:\/\/www.r2cpress.com.br\/v1\/wp-json\/wp\/v2\/media?parent=72559"}],"wp:term":[{"taxonomy":"category","embeddable":true,"href":"https:\/\/www.r2cpress.com.br\/v1\/wp-json\/wp\/v2\/categories?post=72559"},{"taxonomy":"post_tag","embeddable":true,"href":"https:\/\/www.r2cpress.com.br\/v1\/wp-json\/wp\/v2\/tags?post=72559"}],"curies":[{"name":"wp","href":"https:\/\/api.w.org\/{rel}","templated":true}]}}