{"id":72576,"date":"2013-09-25T13:58:22","date_gmt":"2013-09-25T16:58:22","guid":{"rendered":"http:\/\/www.r2cpress.com.br\/v1\/?p=72576"},"modified":"2013-09-25T13:58:22","modified_gmt":"2013-09-25T16:58:22","slug":"ebda-promove-ii-leilao-de-ovinos","status":"publish","type":"post","link":"https:\/\/www.r2cpress.com.br\/v1\/2013\/09\/25\/ebda-promove-ii-leilao-de-ovinos\/","title":{"rendered":"EBDA promove II leil\u00e3o de ovinos"},"content":{"rendered":"<p><strong>A qualidade dos animais ofertados \u00e9 garantida por esta\u00e7\u00e3o experimental da EBDA<\/strong><\/p>\n<p>Tendo em vista o sucesso obtido no primeiro leil\u00e3o de ovinos realizado em junho deste ano, a Empresa Baiana de Desenvolvimento Agr\u00edcola (EBDA), vinculada \u00e0 Secretaria da Agricultura (Seagri), organiza mais uma edi\u00e7\u00e3o do evento.  O leil\u00e3o de ovinos acontece na pr\u00f3xima quinta-feira (26), a partir das 9h, na Esta\u00e7\u00e3o Experimental de Jaguaquara &#8211; unidade pertencente \u00e0 ger\u00eancia regional da empresa, em Jequi\u00e9.<\/p>\n<p>O evento \u00e9 aberto ao p\u00fablico e tem a participa\u00e7\u00e3o ativa de produtores rurais e comerciantes da regi\u00e3o. Ser\u00e3o leiloados 45 animais (matrizes e reprodutores) distribu\u00eddos em 12 lotes. Os interessados poder\u00e3o arrematar f\u00eameas da ra\u00e7a Santo In\u00eas, Morada nova e Rabo largo (total de 40 f\u00eameas, dividido em 7 lotes de cinco e seis animais por ra\u00e7as)  e machos reprodutores das mesmas ra\u00e7as, separados em cinco lotes. Cada animal possui em m\u00e9dia de 30 a 60 kg, sendo que um quilo vivo equivale a R$ 4,50 (pre\u00e7o praticado na regi\u00e3o).<\/p>\n<p>De acordo com o chefe da esta\u00e7\u00e3o experimental da EBDA, Aderbal Rodrigues, os animais j\u00e1 foram avaliados e pesados pela Comiss\u00e3o de Avalia\u00e7\u00e3o. \u201cO objetivo do leil\u00e3o \u00e9 disponibilizar animais de qualidade para os produtores da regi\u00e3o, no intuito de melhorar o rebanho\u201d, afirmou Aderbal Rodrigues, que tamb\u00e9m d\u00e1 suporte ao evento.<\/p>\n<p>Os t\u00e9cnicos da EBDA, Jos\u00e9 Sim\u00e3o Rodrigues e Saul Lima estar\u00e3o \u00e0 frente da bancada do leil\u00e3o. J\u00e1 o veterin\u00e1rio da empresa, Jos\u00e9 Fernando Andrade, ser\u00e1 presidente da comiss\u00e3o de vendas.<\/p>\n<p>Os ovinos ofertados fazem parte do plantel da Esta\u00e7\u00e3o Experimental de Jaguaquara. No local, s\u00e3o realizadas pesquisas relacionas \u00e0 melhoria gen\u00e9tica de ra\u00e7as, tanto para corte como para produ\u00e7\u00e3o de ra\u00e7as puras.<\/p>\n<p>&#8212;<br \/>\nAssimp\/EBDA<\/p>\n","protected":false},"excerpt":{"rendered":"<p>A qualidade dos animais ofertados \u00e9 garantida por esta\u00e7\u00e3o experimental da EBDA Tendo em vista o sucesso obtido no primeiro leil\u00e3o de ovinos realizado em junho deste ano, a Empresa Baiana de Desenvolvimento Agr\u00edcola (EBDA), vinculada \u00e0 Secretaria da Agricultura (Seagri), organiza mais uma edi\u00e7\u00e3o do evento. O leil\u00e3o de ovinos acontece na pr\u00f3xima quinta-feira [&hellip;]<\/p>\n","protected":false},"author":2,"featured_media":0,"comment_status":"open","ping_status":"open","sticky":false,"template":"","format":"standard","meta":{"_links_to":"","_links_to_target":""},"categories":[29],"tags":[],"_links":{"self":[{"href":"https:\/\/www.r2cpress.com.br\/v1\/wp-json\/wp\/v2\/posts\/72576"}],"collection":[{"href":"https:\/\/www.r2cpress.com.br\/v1\/wp-json\/wp\/v2\/posts"}],"about":[{"href":"https:\/\/www.r2cpress.com.br\/v1\/wp-json\/wp\/v2\/types\/post"}],"author":[{"embeddable":true,"href":"https:\/\/www.r2cpress.com.br\/v1\/wp-json\/wp\/v2\/users\/2"}],"replies":[{"embeddable":true,"href":"https:\/\/www.r2cpress.com.br\/v1\/wp-json\/wp\/v2\/comments?post=72576"}],"version-history":[{"count":2,"href":"https:\/\/www.r2cpress.com.br\/v1\/wp-json\/wp\/v2\/posts\/72576\/revisions"}],"predecessor-version":[{"id":72578,"href":"https:\/\/www.r2cpress.com.br\/v1\/wp-json\/wp\/v2\/posts\/72576\/revisions\/72578"}],"wp:attachment":[{"href":"https:\/\/www.r2cpress.com.br\/v1\/wp-json\/wp\/v2\/media?parent=72576"}],"wp:term":[{"taxonomy":"category","embeddable":true,"href":"https:\/\/www.r2cpress.com.br\/v1\/wp-json\/wp\/v2\/categories?post=72576"},{"taxonomy":"post_tag","embeddable":true,"href":"https:\/\/www.r2cpress.com.br\/v1\/wp-json\/wp\/v2\/tags?post=72576"}],"curies":[{"name":"wp","href":"https:\/\/api.w.org\/{rel}","templated":true}]}}