{"id":72579,"date":"2013-09-25T14:21:01","date_gmt":"2013-09-25T17:21:01","guid":{"rendered":"http:\/\/www.r2cpress.com.br\/v1\/?p=72579"},"modified":"2013-09-25T14:21:01","modified_gmt":"2013-09-25T17:21:01","slug":"prefeito-de-ilheus-trata-em-brasilia-de-projetos-do-aeroporto-e-do-teatro","status":"publish","type":"post","link":"https:\/\/www.r2cpress.com.br\/v1\/2013\/09\/25\/prefeito-de-ilheus-trata-em-brasilia-de-projetos-do-aeroporto-e-do-teatro\/","title":{"rendered":"Prefeito de Ilh\u00e9us trata, em Bras\u00edlia, de projetos do aeroporto e do teatro"},"content":{"rendered":"<p><div id=\"attachment_72580\" style=\"width: 310px\" class=\"wp-caption alignleft\"><a href=\"http:\/\/www.r2cpress.com.br\/v1\/wp-content\/uploads\/Jabes-Ribeiro-foto-Gidelzo-Silva-Secom-Ilh\u00e9us.jpg\"><img aria-describedby=\"caption-attachment-72580\" loading=\"lazy\" src=\"http:\/\/www.r2cpress.com.br\/v1\/wp-content\/uploads\/Jabes-Ribeiro-foto-Gidelzo-Silva-Secom-Ilh\u00e9us.jpg\" alt=\"Jabes Ribeiro - foto Gidelzo Silva Secom-Ilh\u00e9us.\" width=\"300\" height=\"243\" class=\"size-full wp-image-72580\" \/><\/a><p id=\"caption-attachment-72580\" class=\"wp-caption-text\">Jabes Ribeiro &#8211; foto Gidelzo Silva Secom-Ilh\u00e9us.<\/p><\/div>Em audi\u00eancia no Minist\u00e9rio da Avia\u00e7\u00e3o Civil, Jabes Ribeiro vai acompanhar o andamento do projeto de implanta\u00e7\u00e3o do novo aeroporto internacional.  Junto ao Minist\u00e9rio da Cultura, o prefeito vai procurar agilizar a libera\u00e7\u00e3o da verba de R$ 750 mil para a obra de recupera\u00e7\u00e3o do Teatro Municipal de Ilh\u00e9us.<\/p>\n<p>O prefeito Jabes Ribeiro foi \u00e0 Bras\u00edlia, nesta quarta-feira, dia 25, para duas audi\u00eancias com ministros nas quais tratar\u00e1 de assuntos do interesse da comunidade de Ilh\u00e9us. Na primeira audi\u00eancia, com o ministro da Avia\u00e7\u00e3o Civil, Moreira Franco, o prefeito ilheense vai acompanhar o andamento do projeto de implanta\u00e7\u00e3o do novo aeroporto internacional, tema que j\u00e1 foi objeto de um encontro que teve, na semana passada, com o pessoal t\u00e9cnico da Secretaria Estadual de Infraestrutura, em Salvador.<\/p>\n<p>O segundo compromisso oficial do prefeito em Bras\u00edlia ser\u00e1 no Minist\u00e9rio da Cultura onde, em companhia do deputado federal M\u00e1rio Negromonte (PP), vai procurar agilizar a libera\u00e7\u00e3o da verba de R$ 750 mil para a obra de recupera\u00e7\u00e3o do Teatro Municipal de Ilh\u00e9us. Os recursos s\u00e3o resultado de uma emenda parlamentar do deputado Negromonte e ser\u00e3o usados para uma completa reforma, de modo a devolver \u00e0 casa de espet\u00e1culos todo o brilho que j\u00e1 fez o TMI ser considerado o melhor teatro do interior em todo o Brasil.<\/p>\n<p>&#8212;<br \/>\nSecretaria de Comunica\u00e7\u00e3o Social (Secom)<br \/>\nIlh\u00e9us \u2013 25.09.2013<\/p>\n","protected":false},"excerpt":{"rendered":"<p>Em audi\u00eancia no Minist\u00e9rio da Avia\u00e7\u00e3o Civil, Jabes Ribeiro vai acompanhar o andamento do projeto de implanta\u00e7\u00e3o do novo aeroporto internacional. Junto ao Minist\u00e9rio da Cultura, o prefeito vai procurar agilizar a libera\u00e7\u00e3o da verba de R$ 750 mil para a obra de recupera\u00e7\u00e3o do Teatro Municipal de Ilh\u00e9us. O prefeito Jabes Ribeiro foi \u00e0 [&hellip;]<\/p>\n","protected":false},"author":2,"featured_media":0,"comment_status":"open","ping_status":"open","sticky":false,"template":"","format":"standard","meta":{"_links_to":"","_links_to_target":""},"categories":[23],"tags":[],"_links":{"self":[{"href":"https:\/\/www.r2cpress.com.br\/v1\/wp-json\/wp\/v2\/posts\/72579"}],"collection":[{"href":"https:\/\/www.r2cpress.com.br\/v1\/wp-json\/wp\/v2\/posts"}],"about":[{"href":"https:\/\/www.r2cpress.com.br\/v1\/wp-json\/wp\/v2\/types\/post"}],"author":[{"embeddable":true,"href":"https:\/\/www.r2cpress.com.br\/v1\/wp-json\/wp\/v2\/users\/2"}],"replies":[{"embeddable":true,"href":"https:\/\/www.r2cpress.com.br\/v1\/wp-json\/wp\/v2\/comments?post=72579"}],"version-history":[{"count":2,"href":"https:\/\/www.r2cpress.com.br\/v1\/wp-json\/wp\/v2\/posts\/72579\/revisions"}],"predecessor-version":[{"id":72582,"href":"https:\/\/www.r2cpress.com.br\/v1\/wp-json\/wp\/v2\/posts\/72579\/revisions\/72582"}],"wp:attachment":[{"href":"https:\/\/www.r2cpress.com.br\/v1\/wp-json\/wp\/v2\/media?parent=72579"}],"wp:term":[{"taxonomy":"category","embeddable":true,"href":"https:\/\/www.r2cpress.com.br\/v1\/wp-json\/wp\/v2\/categories?post=72579"},{"taxonomy":"post_tag","embeddable":true,"href":"https:\/\/www.r2cpress.com.br\/v1\/wp-json\/wp\/v2\/tags?post=72579"}],"curies":[{"name":"wp","href":"https:\/\/api.w.org\/{rel}","templated":true}]}}