{"id":72583,"date":"2013-09-25T14:28:10","date_gmt":"2013-09-25T17:28:10","guid":{"rendered":"http:\/\/www.r2cpress.com.br\/v1\/?p=72583"},"modified":"2013-09-25T14:28:10","modified_gmt":"2013-09-25T17:28:10","slug":"prefeitura-de-canavieiras-3","status":"publish","type":"post","link":"https:\/\/www.r2cpress.com.br\/v1\/2013\/09\/25\/prefeitura-de-canavieiras-3\/","title":{"rendered":"Prefeitura de Canavieiras"},"content":{"rendered":"<h1 align=\"center\"><b>Equipe do CAPS se re\u00fane com fam\u00edlias de pacientes <\/b><\/h1>\n<p>&nbsp;<\/p>\n<div id=\"attachment_72584\" style=\"width: 610px\" class=\"wp-caption aligncenter\"><a href=\"http:\/\/www.r2cpress.com.br\/v1\/wp-content\/uploads\/Caps-reuni\u00e3o-1-CANAVIEIRAS.jpg\"><img aria-describedby=\"caption-attachment-72584\" loading=\"lazy\" class=\"size-full wp-image-72584\" alt=\"Caps\" src=\"http:\/\/www.r2cpress.com.br\/v1\/wp-content\/uploads\/Caps-reuni\u00e3o-1-CANAVIEIRAS.jpg\" width=\"600\" height=\"338\" srcset=\"https:\/\/www.r2cpress.com.br\/v1\/wp-content\/uploads\/Caps-reuni\u00e3o-1-CANAVIEIRAS.jpg 600w, https:\/\/www.r2cpress.com.br\/v1\/wp-content\/uploads\/Caps-reuni\u00e3o-1-CANAVIEIRAS-300x169.jpg 300w\" sizes=\"(max-width: 600px) 100vw, 600px\" \/><\/a><p id=\"caption-attachment-72584\" class=\"wp-caption-text\">Caps<\/p><\/div>\n<p>O Centro de Aten\u00e7\u00e3o Psicossocial CAPS) de Canavieiras promoveu nesta ter\u00e7a-feira (24) um encontro com os membros das fam\u00edlias dos pacientes assistidos pela Unidade. Participaram da reuni\u00e3o a equipe multidisciplinar integrada pelo coordenador Edval J\u00fanior, o m\u00e9dico-psiquiatra Andr\u00e9 Luiz, a psic\u00f3loga Consuelo Carvalho, dentre demais colaboradores.<\/p>\n<p>Dentre os objetivos do encontro, o psiquiatra Andr\u00e9 Luiz explicou que no tratamento de sa\u00fade mental \u00e9 de vital import\u00e2ncia o inter-relacionamento entre o centro de conviv\u00eancia e a fam\u00edlia. Segundo ele, a reabilita\u00e7\u00e3o para o conv\u00edvio social necessita de cuidados, obedecendo regras b\u00e1sicas, a exemplo da regularidade no uso dos medicamentos.<\/p>\n<p>Para isso, segundo o m\u00e9dico, durante o tratamento \u00e9 preciso uma aproxima\u00e7\u00e3o mais estreita entre a equipe multidisciplinar do CAPS e os familiares, dividindo a\u00e7\u00f5es e responsabilidades. \u201cPor isso, a necessidade dessas reuni\u00f5es peri\u00f3dicas com a fam\u00edlia para que seja feita uma troca de informa\u00e7\u00f5es sobre o comportamento dos pacientes\u201d, esclareceu o m\u00e9dico Andr\u00e9 Luiz.<\/p>\n<div id=\"attachment_72585\" style=\"width: 610px\" class=\"wp-caption aligncenter\"><a href=\"http:\/\/www.r2cpress.com.br\/v1\/wp-content\/uploads\/Caps-reuni\u00e3o-2-CANAVIEIRAS.jpg\"><img aria-describedby=\"caption-attachment-72585\" loading=\"lazy\" class=\"size-full wp-image-72585\" alt=\"Caps\" src=\"http:\/\/www.r2cpress.com.br\/v1\/wp-content\/uploads\/Caps-reuni\u00e3o-2-CANAVIEIRAS.jpg\" width=\"600\" height=\"338\" srcset=\"https:\/\/www.r2cpress.com.br\/v1\/wp-content\/uploads\/Caps-reuni\u00e3o-2-CANAVIEIRAS.jpg 600w, https:\/\/www.r2cpress.com.br\/v1\/wp-content\/uploads\/Caps-reuni\u00e3o-2-CANAVIEIRAS-300x169.jpg 300w\" sizes=\"(max-width: 600px) 100vw, 600px\" \/><\/a><p id=\"caption-attachment-72585\" class=\"wp-caption-text\">Caps<\/p><\/div>\n<p>Segundo o coordenador do CAPS, enfermeiro Edval J\u00fanior, a secret\u00e1ria da Sa\u00fade do Munic\u00edpio, Roberta Barros, vem desenvolvendo a\u00e7\u00f5es para equipar a unidade com novos profissionais, a exemplo de um terapeuta ocupacional. Enfatizou, ainda, J\u00fanior, novas atividades vem sendo implantadas, no sentido de promover a reinser\u00e7\u00e3o social dos usu\u00e1rios pelo acesso ao trabalho e ao lazer, a fim de fortalecer os la\u00e7os familiares e comunit\u00e1rios.<\/p>\n<p>O CAPS \u00e9 um instrumento que viabiliza a rela\u00e7\u00e3o entre a fam\u00edlia e usu\u00e1rio e entre o usu\u00e1rio e a institui\u00e7\u00e3o, incentivando a participa\u00e7\u00e3o dos familiares, profissionais, e da comunidade nos projetos propostos a fim de gerar uma parceria. O indiv\u00edduo encontra no servi\u00e7o um apoio, no qual se estabelece uma rela\u00e7\u00e3o de encontros com outros usu\u00e1rios e profissionais, mantendo-se di\u00e1logos relacionados \u00e0s suas necessidades, desejos, hist\u00f3rias e conhecimentos espec\u00edficos, trazendo uma troca de experi\u00eancias, e principalmente um la\u00e7o afetivo com os seus cuidadores.<\/p>\n","protected":false},"excerpt":{"rendered":"<p>Equipe do CAPS se re\u00fane com fam\u00edlias de pacientes &nbsp; O Centro de Aten\u00e7\u00e3o Psicossocial CAPS) de Canavieiras promoveu nesta ter\u00e7a-feira (24) um encontro com os membros das fam\u00edlias dos pacientes assistidos pela Unidade. Participaram da reuni\u00e3o a equipe multidisciplinar integrada pelo coordenador Edval J\u00fanior, o m\u00e9dico-psiquiatra Andr\u00e9 Luiz, a psic\u00f3loga Consuelo Carvalho, dentre demais [&hellip;]<\/p>\n","protected":false},"author":2,"featured_media":0,"comment_status":"open","ping_status":"open","sticky":false,"template":"","format":"standard","meta":{"_links_to":"","_links_to_target":""},"categories":[22],"tags":[],"_links":{"self":[{"href":"https:\/\/www.r2cpress.com.br\/v1\/wp-json\/wp\/v2\/posts\/72583"}],"collection":[{"href":"https:\/\/www.r2cpress.com.br\/v1\/wp-json\/wp\/v2\/posts"}],"about":[{"href":"https:\/\/www.r2cpress.com.br\/v1\/wp-json\/wp\/v2\/types\/post"}],"author":[{"embeddable":true,"href":"https:\/\/www.r2cpress.com.br\/v1\/wp-json\/wp\/v2\/users\/2"}],"replies":[{"embeddable":true,"href":"https:\/\/www.r2cpress.com.br\/v1\/wp-json\/wp\/v2\/comments?post=72583"}],"version-history":[{"count":3,"href":"https:\/\/www.r2cpress.com.br\/v1\/wp-json\/wp\/v2\/posts\/72583\/revisions"}],"predecessor-version":[{"id":72588,"href":"https:\/\/www.r2cpress.com.br\/v1\/wp-json\/wp\/v2\/posts\/72583\/revisions\/72588"}],"wp:attachment":[{"href":"https:\/\/www.r2cpress.com.br\/v1\/wp-json\/wp\/v2\/media?parent=72583"}],"wp:term":[{"taxonomy":"category","embeddable":true,"href":"https:\/\/www.r2cpress.com.br\/v1\/wp-json\/wp\/v2\/categories?post=72583"},{"taxonomy":"post_tag","embeddable":true,"href":"https:\/\/www.r2cpress.com.br\/v1\/wp-json\/wp\/v2\/tags?post=72583"}],"curies":[{"name":"wp","href":"https:\/\/api.w.org\/{rel}","templated":true}]}}