{"id":72607,"date":"2013-09-25T19:40:28","date_gmt":"2013-09-25T22:40:28","guid":{"rendered":"http:\/\/www.r2cpress.com.br\/v1\/?p=72607"},"modified":"2013-09-25T19:42:04","modified_gmt":"2013-09-25T22:42:04","slug":"querem-acabar-com-o-corpo-de-bombeiros","status":"publish","type":"post","link":"https:\/\/www.r2cpress.com.br\/v1\/2013\/09\/25\/querem-acabar-com-o-corpo-de-bombeiros\/","title":{"rendered":"Querem acabar com o corpo de Bombeiros!"},"content":{"rendered":"<div>O Comando da PM fecha propositadamente a possibilidade de ascens\u00e3o funcional para os Bombeiros, deixando-os desmotivados, e agora muda a regra para possibilitando os descontentes que deixem a atividade de Bombeiro e v\u00e3o para a atividade de Pol\u00edcia, pois sabe que a separa\u00e7\u00e3o do bombeiro da Pol\u00edcia \u00e9 eminente.<br \/>\nO Comando da PM que decide, muito mal, os rumos do Corpo de bombeiros, decidiu que seriam apenas 180 vagas o concurso para SD Bombeiro, de um total de vagas de 3200 homens que o Governo disponibilizou para concursos.<br \/>\nVeja que o CMT GERAL da PM, muito competente no \u00e2mbito da Pol\u00edcia, est\u00e1 sendo um carrasco para o Corpo de Bombeiros, n\u00e3o se importando com o que sofrer\u00e1 a popula\u00e7\u00e3o!<\/div>\n<div>\n<div>O Comando geral da PM da Bahia, depois de desmotivar os Bombeiros fechando a possibilidade de crescimento funcional, est\u00e1 colocando em pratica um plano diab\u00f3lico para acabar de vez com o Corpo de Bombeiros, sabendo a emin\u00eancia da separa\u00e7\u00e3o da Institui\u00e7\u00e3o Bombeiro da Pol\u00edcia Militar.<br \/>\nNomeou uma comiss\u00e3o para regulamentar a mudan\u00e7a de quadro de Bombeiros para o quadro de policiais militares.<br \/>\nVemos que \u00e9 uma medida orquestrada, maquinada maliciosamente com o objetivo de prejudicar o Bombeiro, retirando o efetivo descontente com as medidas decididas pelo Comando da PM em rela\u00e7\u00e3o ao futuro funcional dos Bombeiros, que com certeza solicitar\u00e3o, como muitos j\u00e1 fizeram, para sair das Unidades de Bombeiro para ir para as Companhias de Pol\u00edcia, pois assim ter\u00e3o condi\u00e7\u00f5es, pelo maior n\u00famero de vagas nas diversas gradua\u00e7\u00f5es, de ascend\u00eancia funcional com promo\u00e7\u00f5es.<br \/>\nSabendo que a separa\u00e7\u00e3o est\u00e1 vindo, o Comandante est\u00e1 buscando uma forma de tirar efetivo do Bombeiro para a PM.<br \/>\nHoje o corpo de Bombeiros n\u00e3o tem efetivo nem viaturas para atender com qualidade a popula\u00e7\u00e3o.<br \/>\nE a situa\u00e7\u00e3o est\u00e1 assim por causa do Comando da PM no decorrer do tempo, e ficar\u00e1 pior com por causa do Comando atual.<br \/>\nEm fun\u00e7\u00e3o de n\u00e3o terem condi\u00e7\u00f5es hoje por falta de vagas nas gradua\u00e7\u00f5es , vendo seus colegas de turma do quadro da PM sendo promovidos, os Bombeiros aproveitaram esse momento para deixar a atividade de Bombeiro, para dessa forma poder concorrer a promo\u00e7\u00f5es.<br \/>\nTem Grupamentos no interior do Estado que mais de 20% do efetivo j\u00e1 manifestou interesse sair da Unidade para ir para atividade de Pol\u00edcia.<br \/>\nSer\u00e1 uma cat\u00e1strofe.<br \/>\nE mais uma vez o povo vai sobrar!!!<\/div>\n<div>&#8212;<\/div>\n<div><strong>S<span class=\"gD\">ervidor P\u00fablico cidad\u00e3o.<\/span><\/strong><\/div>\n<div><\/div>\n<h2 style=\"text-align: center;\"><strong>Espa\u00e7o aberto para manifesta\u00e7\u00e3o\/contesta\u00e7\u00e3o.<\/strong><\/h2>\n<\/div>\n","protected":false},"excerpt":{"rendered":"<p>O Comando da PM fecha propositadamente a possibilidade de ascens\u00e3o funcional para os Bombeiros, deixando-os desmotivados, e agora muda a regra para possibilitando os descontentes que deixem a atividade de Bombeiro e v\u00e3o para a atividade de Pol\u00edcia, pois sabe que a separa\u00e7\u00e3o do bombeiro da Pol\u00edcia \u00e9 eminente. O Comando da PM que decide, [&hellip;]<\/p>\n","protected":false},"author":2,"featured_media":0,"comment_status":"open","ping_status":"open","sticky":false,"template":"","format":"standard","meta":{"_links_to":"","_links_to_target":""},"categories":[25],"tags":[],"_links":{"self":[{"href":"https:\/\/www.r2cpress.com.br\/v1\/wp-json\/wp\/v2\/posts\/72607"}],"collection":[{"href":"https:\/\/www.r2cpress.com.br\/v1\/wp-json\/wp\/v2\/posts"}],"about":[{"href":"https:\/\/www.r2cpress.com.br\/v1\/wp-json\/wp\/v2\/types\/post"}],"author":[{"embeddable":true,"href":"https:\/\/www.r2cpress.com.br\/v1\/wp-json\/wp\/v2\/users\/2"}],"replies":[{"embeddable":true,"href":"https:\/\/www.r2cpress.com.br\/v1\/wp-json\/wp\/v2\/comments?post=72607"}],"version-history":[{"count":3,"href":"https:\/\/www.r2cpress.com.br\/v1\/wp-json\/wp\/v2\/posts\/72607\/revisions"}],"predecessor-version":[{"id":72609,"href":"https:\/\/www.r2cpress.com.br\/v1\/wp-json\/wp\/v2\/posts\/72607\/revisions\/72609"}],"wp:attachment":[{"href":"https:\/\/www.r2cpress.com.br\/v1\/wp-json\/wp\/v2\/media?parent=72607"}],"wp:term":[{"taxonomy":"category","embeddable":true,"href":"https:\/\/www.r2cpress.com.br\/v1\/wp-json\/wp\/v2\/categories?post=72607"},{"taxonomy":"post_tag","embeddable":true,"href":"https:\/\/www.r2cpress.com.br\/v1\/wp-json\/wp\/v2\/tags?post=72607"}],"curies":[{"name":"wp","href":"https:\/\/api.w.org\/{rel}","templated":true}]}}