{"id":72611,"date":"2013-09-25T19:47:34","date_gmt":"2013-09-25T22:47:34","guid":{"rendered":"http:\/\/www.r2cpress.com.br\/v1\/?p=72611"},"modified":"2013-09-25T19:47:34","modified_gmt":"2013-09-25T22:47:34","slug":"mutirao-da-cidadania-ocorre-em-dois-distritos-de-ilheus-nesta-semana","status":"publish","type":"post","link":"https:\/\/www.r2cpress.com.br\/v1\/2013\/09\/25\/mutirao-da-cidadania-ocorre-em-dois-distritos-de-ilheus-nesta-semana\/","title":{"rendered":"Mutir\u00e3o da Cidadania ocorre em dois distritos de Ilh\u00e9us nesta semana"},"content":{"rendered":"<p><em><strong>Ser\u00e3o contemplados moradores das localidades de Maria Jape, nesta quinta-feira, dia 26, e de Mamoan na sexta-feira, dia 27. Desde agosto, a a\u00e7\u00e3o da Prefeitura de Ilh\u00e9us j\u00e1 beneficiou mais de 10 mil cidad\u00e3os.<\/strong><\/em><\/p>\n<div id=\"attachment_72612\" style=\"width: 610px\" class=\"wp-caption aligncenter\"><a href=\"http:\/\/www.r2cpress.com.br\/v1\/wp-content\/uploads\/Mutira\u0303o-da-Cidadania-Salobrinho-5-Foto-Roberto-Santos.jpg\"><img aria-describedby=\"caption-attachment-72612\" loading=\"lazy\" src=\"http:\/\/www.r2cpress.com.br\/v1\/wp-content\/uploads\/Mutira\u0303o-da-Cidadania-Salobrinho-5-Foto-Roberto-Santos.jpg\" alt=\"Mutira\u0303o da Cidadania Salobrinho 5 - Foto Roberto Santos.\" width=\"600\" height=\"400\" class=\"size-full wp-image-72612\" srcset=\"https:\/\/www.r2cpress.com.br\/v1\/wp-content\/uploads\/Mutira\u0303o-da-Cidadania-Salobrinho-5-Foto-Roberto-Santos.jpg 600w, https:\/\/www.r2cpress.com.br\/v1\/wp-content\/uploads\/Mutira\u0303o-da-Cidadania-Salobrinho-5-Foto-Roberto-Santos-300x200.jpg 300w\" sizes=\"(max-width: 600px) 100vw, 600px\" \/><\/a><p id=\"caption-attachment-72612\" class=\"wp-caption-text\">Mutira\u0303o da Cidadania Salobrinho 5 &#8211; Foto Roberto Santos.<\/p><\/div>\n<p>Para fechar o segundo m\u00eas de atendimento, o Mutir\u00e3o da Cidadania estar\u00e1 em dois distritos de Ilh\u00e9us nesta semana. Nesta quinta-feira, dia 26, a a\u00e7\u00e3o via beneficiar os moradores de Maria Jape. O atendimento ser\u00e1 realizado na Escola Maria Vit\u00f3ria e no Posto de Sa\u00fade da Fam\u00edlia. Na sexta-feira, dia 27, o mutir\u00e3o estar\u00e1 em Mamoan, atendendo a comunidade no espa\u00e7o do Programa de Erradica\u00e7\u00e3o do Trabalho Infantil (Peti), localizado pr\u00f3ximo \u00e0 Igreja Batista. Nas duas localidades, as a\u00e7\u00f5es v\u00e3o ocorrer no per\u00edodo das 8 \u00e0s 14 horas.  <\/p>\n<p><!--more--><\/p>\n<p>O Mutir\u00e3o da Cidadania \u00e9 uma iniciativa da Prefeitura de Ilh\u00e9us, atrav\u00e9s das secretarias municipais de Desenvolvimento Social (SDS) e de Sa\u00fade (Sesau), e j\u00e1 atendeu mais de 10 mil pessoas em todos os bairros por onde passou. Por meio de parceiros como Centro de Olhos Especializado (Cenoe), 13\u00aa Ciretran, 5\u00ba Grupamento de Bombeiros de Ilh\u00e9us, N\u00facleo de Educa\u00e7\u00e3o e Promo\u00e7\u00e3o \u00e0 Sa\u00fade de Ilh\u00e9us (Nepsi), entre outros, os mutir\u00f5es tem levado informa\u00e7\u00e3o, orienta\u00e7\u00f5es e presta\u00e7\u00e3o de servi\u00e7o para a popula\u00e7\u00e3o. \u00c9 importante ressaltar que as fam\u00edlias e indiv\u00edduos que desejam participar do Mutir\u00e3o da Cidadania devem comparecer com a documenta\u00e7\u00e3o necess\u00e1ria para realizar os atendimentos.<\/p>\n<p>Os mutir\u00f5es t\u00eam como objetivo principal garantir atendimento para a popula\u00e7\u00e3o e inovar trazendo servi\u00e7os de qualidade. As fam\u00edlias que comparecerem aos mutir\u00f5es de Mamoan e Maria Jape v\u00e3o contar com cadastramento, recadastramento e desbloqueio de cart\u00f5es do Bolsa Fam\u00edlia, inscri\u00e7\u00f5es no Balc\u00e3o de Emprego, informa\u00e7\u00f5es sobre o Programa Nacional de Acesso ao Ensino T\u00e9cnico e Emprego (Pronatec), al\u00e9m do atendimento do CrediBahia. Tamb\u00e9m ser\u00e3o realizadas inscri\u00e7\u00f5es para o Servi\u00e7o de Conviv\u00eancia e Fortalecimento de V\u00ednculos (antigos Peti e Projovem).  <\/p>\n<p>A popula\u00e7\u00e3o tamb\u00e9m receber\u00e1 orienta\u00e7\u00f5es sobre programas de habita\u00e7\u00e3o e sobre o requerimento da Carteira do Idoso. Outros servi\u00e7os prestados \u00e0 popula\u00e7\u00e3o ser\u00e3o corte de cabelo, informa\u00e7\u00f5es sobre servi\u00e7os do SAC, como RG, CPF, Carteira de Trabalho e Junta do Servi\u00e7o Militar, bem como a participa\u00e7\u00e3o do Conselho Tutelar para a notifica\u00e7\u00e3o de den\u00fancias.<\/p>\n<p>A Sesau ir\u00e1 promover palestras e pesagem de crian\u00e7as e de mulheres para o Sistema de Vigil\u00e2ncia Alimentar e Nutricional (Sisvan). Tamb\u00e9m ser\u00e3o realizados atendimentos ginecol\u00f3gico, pedi\u00e1trico, psicol\u00f3gico e psiqui\u00e1trico, al\u00e9m de vacina\u00e7\u00e3o, aferi\u00e7\u00e3o de press\u00e3o arterial, medi\u00e7\u00e3o da glicemia e orienta\u00e7\u00f5es nutricionais. Atrav\u00e9s do odontom\u00f3vel, a secretaria far\u00e1 a limpeza dent\u00e1ria e aplica\u00e7\u00e3o de fl\u00faor nos cidad\u00e3os que comparecerem ao mutir\u00e3o.<\/p>\n<p>&#8212;<br \/>\nSecretaria de Comunica\u00e7\u00e3o Social (Secom)<br \/>\nIlh\u00e9us \u2013 25.09.2013<\/p>\n","protected":false},"excerpt":{"rendered":"<p>Ser\u00e3o contemplados moradores das localidades de Maria Jape, nesta quinta-feira, dia 26, e de Mamoan na sexta-feira, dia 27. Desde agosto, a a\u00e7\u00e3o da Prefeitura de Ilh\u00e9us j\u00e1 beneficiou mais de 10 mil cidad\u00e3os. Para fechar o segundo m\u00eas de atendimento, o Mutir\u00e3o da Cidadania estar\u00e1 em dois distritos de Ilh\u00e9us nesta semana. Nesta quinta-feira, [&hellip;]<\/p>\n","protected":false},"author":2,"featured_media":0,"comment_status":"open","ping_status":"open","sticky":false,"template":"","format":"standard","meta":{"_links_to":"","_links_to_target":""},"categories":[23],"tags":[],"_links":{"self":[{"href":"https:\/\/www.r2cpress.com.br\/v1\/wp-json\/wp\/v2\/posts\/72611"}],"collection":[{"href":"https:\/\/www.r2cpress.com.br\/v1\/wp-json\/wp\/v2\/posts"}],"about":[{"href":"https:\/\/www.r2cpress.com.br\/v1\/wp-json\/wp\/v2\/types\/post"}],"author":[{"embeddable":true,"href":"https:\/\/www.r2cpress.com.br\/v1\/wp-json\/wp\/v2\/users\/2"}],"replies":[{"embeddable":true,"href":"https:\/\/www.r2cpress.com.br\/v1\/wp-json\/wp\/v2\/comments?post=72611"}],"version-history":[{"count":2,"href":"https:\/\/www.r2cpress.com.br\/v1\/wp-json\/wp\/v2\/posts\/72611\/revisions"}],"predecessor-version":[{"id":72614,"href":"https:\/\/www.r2cpress.com.br\/v1\/wp-json\/wp\/v2\/posts\/72611\/revisions\/72614"}],"wp:attachment":[{"href":"https:\/\/www.r2cpress.com.br\/v1\/wp-json\/wp\/v2\/media?parent=72611"}],"wp:term":[{"taxonomy":"category","embeddable":true,"href":"https:\/\/www.r2cpress.com.br\/v1\/wp-json\/wp\/v2\/categories?post=72611"},{"taxonomy":"post_tag","embeddable":true,"href":"https:\/\/www.r2cpress.com.br\/v1\/wp-json\/wp\/v2\/tags?post=72611"}],"curies":[{"name":"wp","href":"https:\/\/api.w.org\/{rel}","templated":true}]}}