{"id":72619,"date":"2013-09-25T19:55:36","date_gmt":"2013-09-25T22:55:36","guid":{"rendered":"http:\/\/www.r2cpress.com.br\/v1\/?p=72619"},"modified":"2013-09-25T19:55:36","modified_gmt":"2013-09-25T22:55:36","slug":"nota-de-esclarecimento-17","status":"publish","type":"post","link":"https:\/\/www.r2cpress.com.br\/v1\/2013\/09\/25\/nota-de-esclarecimento-17\/","title":{"rendered":"NOTA DE ESCLARECIMENTO"},"content":{"rendered":"<p>Com o objetivo de evitar a dissemina\u00e7\u00e3o de informa\u00e7\u00f5es incorretas sobre o projeto da ponte Salvador \u2013 Ilha de Itaparica, a Secretaria do Planejamento da Bahia (Seplan) esclarece que n\u00e3o h\u00e1 a inten\u00e7\u00e3o de come\u00e7ar a desapropriar terrenos nos Munic\u00edpios de Itaparica e Vera Cruz ainda em 2013 e os Decretos n\u00ba 13.387, 13.388 e 13.389, publicados no Di\u00e1rio Oficial da Bahia, no dia 28 de outubro de 2011, tiveram quatro objetivos cautelares: garantir uma expans\u00e3o urbana regulada\/planejada na Ilha de Itaparica; incrementar a preserva\u00e7\u00e3o ambiental; controlar a especula\u00e7\u00e3o imobili\u00e1ria sobre \u00e1reas ainda n\u00e3o ocupadas e preservar as faixas ao longo da BA 001, visando sua futura requalifica\u00e7\u00e3o. <\/p>\n<p>Estes Decretos n\u00e3o implicam que, obrigatoriamente, haver\u00e1 desapropria\u00e7\u00e3o em toda \u00e1rea e, ainda, n\u00e3o determinam efetivamente a certeza sobre os usos das \u00e1reas. As poligonais, definidas a partir de estudos preliminares, foram tra\u00e7adas de modo a delimitar \u00e1reas que s\u00e3o rurais e de baixa densidade populacional. Somente ap\u00f3s a conclus\u00e3o do projeto b\u00e1sico de engenharia, bem como dos estudos de impactos ambientais e urban\u00edsticos, entre outros em processo de contrata\u00e7\u00e3o, se ter\u00e1 a defini\u00e7\u00e3o do tra\u00e7ado exato do sistema vi\u00e1rio, dos seus impactos e da modelagem econ\u00f4mica-financeira para implementa\u00e7\u00e3o do projeto. Al\u00e9m disso, as eventuais necessidades de desapropria\u00e7\u00e3o devem ser realizadas em face das diretrizes dos Planos Diretores de Desenvolvimento Urbano, instrumentos cuja iniciativas est\u00e3o reservadas aos munic\u00edpios de Itaparica e Vera Cruz.<\/p>\n<p>&#8212;<br \/>\nAssessoria de Comunica\u00e7\u00e3o<br \/>\nSecretaria do Planejamento do Estado da Bahia<\/p>\n","protected":false},"excerpt":{"rendered":"<p>Com o objetivo de evitar a dissemina\u00e7\u00e3o de informa\u00e7\u00f5es incorretas sobre o projeto da ponte Salvador \u2013 Ilha de Itaparica, a Secretaria do Planejamento da Bahia (Seplan) esclarece que n\u00e3o h\u00e1 a inten\u00e7\u00e3o de come\u00e7ar a desapropriar terrenos nos Munic\u00edpios de Itaparica e Vera Cruz ainda em 2013 e os Decretos n\u00ba 13.387, 13.388 e [&hellip;]<\/p>\n","protected":false},"author":2,"featured_media":0,"comment_status":"open","ping_status":"open","sticky":false,"template":"","format":"standard","meta":{"_links_to":"","_links_to_target":""},"categories":[29],"tags":[],"_links":{"self":[{"href":"https:\/\/www.r2cpress.com.br\/v1\/wp-json\/wp\/v2\/posts\/72619"}],"collection":[{"href":"https:\/\/www.r2cpress.com.br\/v1\/wp-json\/wp\/v2\/posts"}],"about":[{"href":"https:\/\/www.r2cpress.com.br\/v1\/wp-json\/wp\/v2\/types\/post"}],"author":[{"embeddable":true,"href":"https:\/\/www.r2cpress.com.br\/v1\/wp-json\/wp\/v2\/users\/2"}],"replies":[{"embeddable":true,"href":"https:\/\/www.r2cpress.com.br\/v1\/wp-json\/wp\/v2\/comments?post=72619"}],"version-history":[{"count":2,"href":"https:\/\/www.r2cpress.com.br\/v1\/wp-json\/wp\/v2\/posts\/72619\/revisions"}],"predecessor-version":[{"id":72621,"href":"https:\/\/www.r2cpress.com.br\/v1\/wp-json\/wp\/v2\/posts\/72619\/revisions\/72621"}],"wp:attachment":[{"href":"https:\/\/www.r2cpress.com.br\/v1\/wp-json\/wp\/v2\/media?parent=72619"}],"wp:term":[{"taxonomy":"category","embeddable":true,"href":"https:\/\/www.r2cpress.com.br\/v1\/wp-json\/wp\/v2\/categories?post=72619"},{"taxonomy":"post_tag","embeddable":true,"href":"https:\/\/www.r2cpress.com.br\/v1\/wp-json\/wp\/v2\/tags?post=72619"}],"curies":[{"name":"wp","href":"https:\/\/api.w.org\/{rel}","templated":true}]}}