{"id":7262,"date":"2011-01-23T14:57:29","date_gmt":"2011-01-23T17:57:29","guid":{"rendered":"http:\/\/www.r2cpress.com.br\/v1\/?p=7262"},"modified":"2011-01-23T14:57:29","modified_gmt":"2011-01-23T17:57:29","slug":"pt-defende-uniao-para-resgatar-itabuna-do-caos-administrativo","status":"publish","type":"post","link":"https:\/\/www.r2cpress.com.br\/v1\/2011\/01\/23\/pt-defende-uniao-para-resgatar-itabuna-do-caos-administrativo\/","title":{"rendered":"PT defende uni\u00e3o para resgatar Itabuna do caos administrativo"},"content":{"rendered":"<p><center><a href=\"http:\/\/www.r2cpress.com.br\/v1\/wp-content\/uploads\/pt-itabuna.jpg\"><img loading=\"lazy\" src=\"http:\/\/www.r2cpress.com.br\/v1\/wp-content\/uploads\/pt-itabuna-300x111.jpg\" alt=\"\" title=\"pt itabuna\" width=\"300\" height=\"111\" class=\"aligncenter size-medium wp-image-7263\" srcset=\"https:\/\/www.r2cpress.com.br\/v1\/wp-content\/uploads\/pt-itabuna-300x111.jpg 300w, https:\/\/www.r2cpress.com.br\/v1\/wp-content\/uploads\/pt-itabuna.jpg 700w\" sizes=\"(max-width: 300px) 100vw, 300px\" \/><\/a><\/center><br \/>\nFazer uma pol\u00edtica de alian\u00e7as para a elei\u00e7\u00e3o de 2012 com as for\u00e7as pol\u00edticas de esquerda do munic\u00edpio al\u00e9m de denunciar as irregularidades da atual gest\u00e3o da prefeitura est\u00e3o entre as demandas do Partido para o pr\u00f3ximo per\u00edodo.<\/p>\n<p>Esta delibera\u00e7\u00e3o aconteceu no encontro de planejamento do Partido dos Trabalhadores(PT) de Itabuna realizado pelo Diret\u00f3rio Municipal durante todo o dia de s\u00e1bado(22), na Sede da Associa\u00e7\u00e3o dos  Professores(API). <\/p>\n<p>Os mun\u00edcipes de Itabuna n\u00e3o merecem o sofrimento  causado pela incompet\u00eancia do atual  gestor que n\u00e3o cuida das pessoas, deixa a cidade cheia de lixo e buracos,  e  ainda \u00e9 acusado de desvios de recursos da prefeitura. Segundo a ex-candidata a prefeita da legenda Ju\u00e7ara Feitosa que participou do encontro existe mais de 500 den\u00fancias contra a administra\u00e7\u00e3o do Prefeito Azevedo. \u201c\u00c9 preciso que a popula\u00e7\u00e3o se organize e exija apura\u00e7\u00e3o imediata do minist\u00e9rio p\u00fablico das denuncias\u201d, afirmou Ju\u00e7ara.<\/p>\n<p><!--more--><\/p>\n<p>O Diret\u00f3rio definiu que as metas para os pr\u00f3ximos anos s\u00e3o a mobiliza\u00e7\u00e3o e organiza\u00e7\u00e3o da Juventude, o fortalecimento do mandato parlamentar do vereador Claudevane Leite e do deputado federal Geraldo Sim\u00f5es, e a melhoria da organiza\u00e7\u00e3o partid\u00e1ria com a implanta\u00e7\u00e3o de biblioteca e processo de forma\u00e7\u00e3o pol\u00edtica com novas e antigas lideran\u00e7as.<\/p>\n<p>A presidenta Miralva Moitinho defende a uni\u00e3o das lideran\u00e7as e dos Partidos de  oposi\u00e7\u00e3o para vencer  as elei\u00e7\u00f5es de 2012, com uma bancada forte na C\u00e2mara e a retomada Centro Administrativo Firmino Alves para zelar da cidade e desenvolver pol\u00edticas p\u00fablicas votadas para os mais pobres. \u201cA pol\u00edtica \u00e9 arte de juntar e ganha quem  tem mais capacidade de fazer isso\u201d, parafraseou o Governador Wagner, Moitinho. <\/p>\n","protected":false},"excerpt":{"rendered":"<p>Fazer uma pol\u00edtica de alian\u00e7as para a elei\u00e7\u00e3o de 2012 com as for\u00e7as pol\u00edticas de esquerda do munic\u00edpio al\u00e9m de denunciar as irregularidades da atual gest\u00e3o da prefeitura est\u00e3o entre as demandas do Partido para o pr\u00f3ximo per\u00edodo. Esta delibera\u00e7\u00e3o aconteceu no encontro de planejamento do Partido dos Trabalhadores(PT) de Itabuna realizado pelo Diret\u00f3rio Municipal [&hellip;]<\/p>\n","protected":false},"author":2,"featured_media":0,"comment_status":"open","ping_status":"open","sticky":false,"template":"","format":"standard","meta":{"_links_to":"","_links_to_target":""},"categories":[15],"tags":[],"_links":{"self":[{"href":"https:\/\/www.r2cpress.com.br\/v1\/wp-json\/wp\/v2\/posts\/7262"}],"collection":[{"href":"https:\/\/www.r2cpress.com.br\/v1\/wp-json\/wp\/v2\/posts"}],"about":[{"href":"https:\/\/www.r2cpress.com.br\/v1\/wp-json\/wp\/v2\/types\/post"}],"author":[{"embeddable":true,"href":"https:\/\/www.r2cpress.com.br\/v1\/wp-json\/wp\/v2\/users\/2"}],"replies":[{"embeddable":true,"href":"https:\/\/www.r2cpress.com.br\/v1\/wp-json\/wp\/v2\/comments?post=7262"}],"version-history":[{"count":3,"href":"https:\/\/www.r2cpress.com.br\/v1\/wp-json\/wp\/v2\/posts\/7262\/revisions"}],"predecessor-version":[{"id":7266,"href":"https:\/\/www.r2cpress.com.br\/v1\/wp-json\/wp\/v2\/posts\/7262\/revisions\/7266"}],"wp:attachment":[{"href":"https:\/\/www.r2cpress.com.br\/v1\/wp-json\/wp\/v2\/media?parent=7262"}],"wp:term":[{"taxonomy":"category","embeddable":true,"href":"https:\/\/www.r2cpress.com.br\/v1\/wp-json\/wp\/v2\/categories?post=7262"},{"taxonomy":"post_tag","embeddable":true,"href":"https:\/\/www.r2cpress.com.br\/v1\/wp-json\/wp\/v2\/tags?post=7262"}],"curies":[{"name":"wp","href":"https:\/\/api.w.org\/{rel}","templated":true}]}}