{"id":72631,"date":"2013-09-26T07:44:32","date_gmt":"2013-09-26T10:44:32","guid":{"rendered":"http:\/\/www.r2cpress.com.br\/v1\/?p=72631"},"modified":"2013-09-26T07:44:32","modified_gmt":"2013-09-26T10:44:32","slug":"alfredo-amorim-da-silveira-em-10taques-92","status":"publish","type":"post","link":"https:\/\/www.r2cpress.com.br\/v1\/2013\/09\/26\/alfredo-amorim-da-silveira-em-10taques-92\/","title":{"rendered":"Alfredo Amorim da Silveira em \u201c10TAQUES\u201d"},"content":{"rendered":"<p align=\"center\">\n<div id=\"attachment_72632\" style=\"width: 210px\" class=\"wp-caption aligncenter\"><a href=\"http:\/\/www.r2cpress.com.br\/v1\/wp-content\/uploads\/Aristeu-de-Oliveira-Campos.jpg\"><img aria-describedby=\"caption-attachment-72632\" loading=\"lazy\" class=\"size-full wp-image-72632\" alt=\"Aristeu de Oliveira Campos\" src=\"http:\/\/www.r2cpress.com.br\/v1\/wp-content\/uploads\/Aristeu-de-Oliveira-Campos.jpg\" width=\"200\" height=\"265\" \/><\/a><p id=\"caption-attachment-72632\" class=\"wp-caption-text\"><strong>Aristeu de Oliveira Campos<\/strong><\/p><\/div>\n<p><img loading=\"lazy\" class=\"alignleft\" alt=\"\" src=\"http:\/\/www.r2cpress.com.br\/v1\/wp-content\/uploads\/alfredo-amorim-nova.jpg\" width=\"300\" height=\"105\" \/> Nasceu em 11 de janeiro de 1906, na Fazenda Licurisal em Irar\u00e1, aqui na Bahia, filho de Elp\u00eddio Marques de Oliveira (Benzinho) e Herc\u00edlia de Oliveira Campos, tinha nove irm\u00e3os: Elvira, Jo\u00e3o, Agenor, Amadeu, Edite, Amado, Adalberto, Divaldo e Clodoaldo.<\/p>\n<p>Formou-se na Faculdade de Medicina da Bahia, em Salvador em 1928, Especializado em oftalmologia e laringologia.<\/p>\n<p>Chegou a Ilh\u00e9us em 1931. Fundou, junto com Dr. Raymundo Amaral Pacheco e outros m\u00e9dicos o Hospital e Maternidade Santa Isabel, das Senhoras de Caridade de Ilh\u00e9us.<\/p>\n<p>Foi tamb\u00e9m um dos fundadores do Rotary Clube de Ilh\u00e9us.<\/p>\n<p>Casou-se em 6 de junho de 1932 com Hilda Costa Reis (Didi) com que teve os seguintes filhos: Carlos Alberto, Paulo Eduardo, Maria Cristina casada com Ivan Menezes Nunes, e Maria Em\u00edlia (Miloca) casada com Luis Os\u00f3rio (Dod\u00f3) Amorim de Carvalho.<\/p>\n<p>Em 26 de junho de 1981 recebeu o t\u00edtulo de cidad\u00e3o ilheense. Foi candidato a deputado em 1947, teve 1601 votos, ficou como suplente.<\/p>\n<p>Morou em Ilh\u00e9us at\u00e9 1988, quando se mudou para Salvador.<\/p>\n<p>Construiu na Pra\u00e7a Ant\u00f4nio Muniz, uma das primeiras casas em estilo funcional da cidade, hoje funciona no local o M\u00e9dico Center.<\/p>\n<p>Faleceu em 27 de outubro de 1989, seu corpo est\u00e1 sepultado no Cemit\u00e9rio Jardim da Saudade em Salvador.<\/p>\n","protected":false},"excerpt":{"rendered":"<p>Nasceu em 11 de janeiro de 1906, na Fazenda Licurisal em Irar\u00e1, aqui na Bahia, filho de Elp\u00eddio Marques de Oliveira (Benzinho) e Herc\u00edlia de Oliveira Campos, tinha nove irm\u00e3os: Elvira, Jo\u00e3o, Agenor, Amadeu, Edite, Amado, Adalberto, Divaldo e Clodoaldo. Formou-se na Faculdade de Medicina da Bahia, em Salvador em 1928, Especializado em oftalmologia e [&hellip;]<\/p>\n","protected":false},"author":2,"featured_media":0,"comment_status":"open","ping_status":"open","sticky":false,"template":"","format":"standard","meta":{"_links_to":"","_links_to_target":""},"categories":[10],"tags":[],"_links":{"self":[{"href":"https:\/\/www.r2cpress.com.br\/v1\/wp-json\/wp\/v2\/posts\/72631"}],"collection":[{"href":"https:\/\/www.r2cpress.com.br\/v1\/wp-json\/wp\/v2\/posts"}],"about":[{"href":"https:\/\/www.r2cpress.com.br\/v1\/wp-json\/wp\/v2\/types\/post"}],"author":[{"embeddable":true,"href":"https:\/\/www.r2cpress.com.br\/v1\/wp-json\/wp\/v2\/users\/2"}],"replies":[{"embeddable":true,"href":"https:\/\/www.r2cpress.com.br\/v1\/wp-json\/wp\/v2\/comments?post=72631"}],"version-history":[{"count":3,"href":"https:\/\/www.r2cpress.com.br\/v1\/wp-json\/wp\/v2\/posts\/72631\/revisions"}],"predecessor-version":[{"id":72635,"href":"https:\/\/www.r2cpress.com.br\/v1\/wp-json\/wp\/v2\/posts\/72631\/revisions\/72635"}],"wp:attachment":[{"href":"https:\/\/www.r2cpress.com.br\/v1\/wp-json\/wp\/v2\/media?parent=72631"}],"wp:term":[{"taxonomy":"category","embeddable":true,"href":"https:\/\/www.r2cpress.com.br\/v1\/wp-json\/wp\/v2\/categories?post=72631"},{"taxonomy":"post_tag","embeddable":true,"href":"https:\/\/www.r2cpress.com.br\/v1\/wp-json\/wp\/v2\/tags?post=72631"}],"curies":[{"name":"wp","href":"https:\/\/api.w.org\/{rel}","templated":true}]}}