{"id":72639,"date":"2013-09-26T10:09:37","date_gmt":"2013-09-26T13:09:37","guid":{"rendered":"http:\/\/www.r2cpress.com.br\/v1\/?p=72639"},"modified":"2013-09-26T10:09:37","modified_gmt":"2013-09-26T13:09:37","slug":"prefeitura-de-canavieiras-4","status":"publish","type":"post","link":"https:\/\/www.r2cpress.com.br\/v1\/2013\/09\/26\/prefeitura-de-canavieiras-4\/","title":{"rendered":"Prefeitura de Canavieiras"},"content":{"rendered":"<h1 align=\"center\"><b>CRAS presta orienta\u00e7\u00f5es nas escolas sobre o Bolsa Fam\u00edlia<\/b><\/h1>\n<div id=\"attachment_72640\" style=\"width: 610px\" class=\"wp-caption aligncenter\"><a href=\"http:\/\/www.r2cpress.com.br\/v1\/wp-content\/uploads\/Canavieiras-Cras-promove-mobiliza\u00e7\u00e3o-nas-escolas-5.jpg\"><img aria-describedby=\"caption-attachment-72640\" loading=\"lazy\" class=\"size-full wp-image-72640\" alt=\"Canavieiras - Cras promove mobiliza\u00e7\u00e3o nas escolas.\" src=\"http:\/\/www.r2cpress.com.br\/v1\/wp-content\/uploads\/Canavieiras-Cras-promove-mobiliza\u00e7\u00e3o-nas-escolas-5.jpg\" width=\"600\" height=\"401\" srcset=\"https:\/\/www.r2cpress.com.br\/v1\/wp-content\/uploads\/Canavieiras-Cras-promove-mobiliza\u00e7\u00e3o-nas-escolas-5.jpg 600w, https:\/\/www.r2cpress.com.br\/v1\/wp-content\/uploads\/Canavieiras-Cras-promove-mobiliza\u00e7\u00e3o-nas-escolas-5-300x200.jpg 300w\" sizes=\"(max-width: 600px) 100vw, 600px\" \/><\/a><p id=\"caption-attachment-72640\" class=\"wp-caption-text\">Canavieiras &#8211; Cras promove mobiliza\u00e7\u00e3o nas escolas.<\/p><\/div>\n<p><b>\u00a0<\/b>O Centro de Refer\u00eancia de Assist\u00eancia Social (CRAS) promoveu durante toda a terceira semana de setembro uma mobiliza\u00e7\u00e3o nas escolas das redes p\u00fablicas Estadual e Municipal de Canavieiras. O objetivo dessa mobiliza\u00e7\u00e3o foi o de prestar informa\u00e7\u00f5es e orienta\u00e7\u00f5es \u00e0s fam\u00edlias benefici\u00e1rias do Programa Bolsa Fam\u00edlia.<\/p>\n<p>Segundo a psic\u00f3loga Ta\u00edsa Vasconcelos, a equipe t\u00e9cnica do CRAS, integrada por uma psic\u00f3loga e assistentes sociais realizaram reuni\u00f5es nas escolas, no sentido de explicar todas as condicionalidades do Programa Bolsa Fam\u00edlia e divulga\u00e7\u00e3o de todos os servi\u00e7os que s\u00e3o oferecidos pelo CRAS no munic\u00edpio de Canavieiras.<\/p>\n<p>Entre essas condicionalidades na \u00e1rea da educa\u00e7\u00e3o est\u00e3o matricular as crian\u00e7as e adolescentes de 6 a 15 anos em estabelecimento regular de ensino; garantir a frequ\u00eancia escolar de no m\u00ednimo 85% da carga hor\u00e1ria mensal do ano letivo, informando sempre \u00e0 escola em casos de impossibilidade do comparecimento do aluno \u00e0 aula e apresentando a devida justificativa; e informar de imediato ao setor respons\u00e1vel pelo PBF no munic\u00edpio, sempre que ocorrer mudan\u00e7a de escola e de s\u00e9rie dos dependentes de 6 a 15 anos, para que seja viabilizado e garantido o efetivo acompanhamento da frequ\u00eancia escolar.<\/p>\n<p>Na primeira etapa da mobiliza\u00e7\u00e3o, foram visitadas as escolas Centro Educacional Osm\u00e1rio Batista (CEOB), No\u00e9cia, Frederico Minervino e Isbela Freire. Entretanto, a proposta \u00e9 abranger todas as fam\u00edlias benefici\u00e1rias do munic\u00edpio.\u00a0 A equipe t\u00e9cnica informa que essa a\u00e7\u00e3o ser\u00e1 realizada de forma cont\u00ednua, a fim de promover esclarecimento \u00e0s fam\u00edlias sobre todos os servi\u00e7os ofertados na Secretaria do Bem-Estar Social.<\/p>\n","protected":false},"excerpt":{"rendered":"<p>CRAS presta orienta\u00e7\u00f5es nas escolas sobre o Bolsa Fam\u00edlia \u00a0O Centro de Refer\u00eancia de Assist\u00eancia Social (CRAS) promoveu durante toda a terceira semana de setembro uma mobiliza\u00e7\u00e3o nas escolas das redes p\u00fablicas Estadual e Municipal de Canavieiras. O objetivo dessa mobiliza\u00e7\u00e3o foi o de prestar informa\u00e7\u00f5es e orienta\u00e7\u00f5es \u00e0s fam\u00edlias benefici\u00e1rias do Programa Bolsa Fam\u00edlia. [&hellip;]<\/p>\n","protected":false},"author":2,"featured_media":0,"comment_status":"open","ping_status":"open","sticky":false,"template":"","format":"standard","meta":{"_links_to":"","_links_to_target":""},"categories":[22],"tags":[],"_links":{"self":[{"href":"https:\/\/www.r2cpress.com.br\/v1\/wp-json\/wp\/v2\/posts\/72639"}],"collection":[{"href":"https:\/\/www.r2cpress.com.br\/v1\/wp-json\/wp\/v2\/posts"}],"about":[{"href":"https:\/\/www.r2cpress.com.br\/v1\/wp-json\/wp\/v2\/types\/post"}],"author":[{"embeddable":true,"href":"https:\/\/www.r2cpress.com.br\/v1\/wp-json\/wp\/v2\/users\/2"}],"replies":[{"embeddable":true,"href":"https:\/\/www.r2cpress.com.br\/v1\/wp-json\/wp\/v2\/comments?post=72639"}],"version-history":[{"count":3,"href":"https:\/\/www.r2cpress.com.br\/v1\/wp-json\/wp\/v2\/posts\/72639\/revisions"}],"predecessor-version":[{"id":72643,"href":"https:\/\/www.r2cpress.com.br\/v1\/wp-json\/wp\/v2\/posts\/72639\/revisions\/72643"}],"wp:attachment":[{"href":"https:\/\/www.r2cpress.com.br\/v1\/wp-json\/wp\/v2\/media?parent=72639"}],"wp:term":[{"taxonomy":"category","embeddable":true,"href":"https:\/\/www.r2cpress.com.br\/v1\/wp-json\/wp\/v2\/categories?post=72639"},{"taxonomy":"post_tag","embeddable":true,"href":"https:\/\/www.r2cpress.com.br\/v1\/wp-json\/wp\/v2\/tags?post=72639"}],"curies":[{"name":"wp","href":"https:\/\/api.w.org\/{rel}","templated":true}]}}