{"id":72652,"date":"2013-09-26T11:08:21","date_gmt":"2013-09-26T14:08:21","guid":{"rendered":"http:\/\/www.r2cpress.com.br\/v1\/?p=72652"},"modified":"2013-09-26T11:08:21","modified_gmt":"2013-09-26T14:08:21","slug":"manutencao-da-iluminacao-publica-contempla-mais-de-80-de-ilheus","status":"publish","type":"post","link":"https:\/\/www.r2cpress.com.br\/v1\/2013\/09\/26\/manutencao-da-iluminacao-publica-contempla-mais-de-80-de-ilheus\/","title":{"rendered":"Manuten\u00e7\u00e3o da ilumina\u00e7\u00e3o p\u00fablica contempla mais de 80% de Ilh\u00e9us"},"content":{"rendered":"<p><em>Os servi\u00e7os j\u00e1 atingiram v\u00e1rios pontos do centro de Ilh\u00e9u e bairros das regi\u00f5es norte e sul.  At\u00e9 est\u00e1 sexta-feira, dia 27, os trabalhos est\u00e3o concentrados em ruas do S\u00e3o Miguel, Barra e Conquista. Est\u00e1 no cronograma operacional o retorno ao Bairro Teot\u00f4nio Vilela.<\/em><br \/>\n <div id=\"attachment_72653\" style=\"width: 610px\" class=\"wp-caption aligncenter\"><a href=\"http:\/\/www.r2cpress.com.br\/v1\/wp-content\/uploads\/Ilumina\u00e7\u00e3o-da-Av-Soares-Lopes-foto-Gidelzo-Silva-Secom-Ilh\u00e9us-01-08-13-7.jpg\"><img aria-describedby=\"caption-attachment-72653\" loading=\"lazy\" src=\"http:\/\/www.r2cpress.com.br\/v1\/wp-content\/uploads\/Ilumina\u00e7\u00e3o-da-Av-Soares-Lopes-foto-Gidelzo-Silva-Secom-Ilh\u00e9us-01-08-13-7.jpg\" alt=\"Ilumina\u00e7\u00e3o da Av Soares Lopes foto Gidelzo Silva Secom-Ilh\u00e9us 01-08-13.\" width=\"600\" height=\"373\" class=\"size-full wp-image-72653\" srcset=\"https:\/\/www.r2cpress.com.br\/v1\/wp-content\/uploads\/Ilumina\u00e7\u00e3o-da-Av-Soares-Lopes-foto-Gidelzo-Silva-Secom-Ilh\u00e9us-01-08-13-7.jpg 600w, https:\/\/www.r2cpress.com.br\/v1\/wp-content\/uploads\/Ilumina\u00e7\u00e3o-da-Av-Soares-Lopes-foto-Gidelzo-Silva-Secom-Ilh\u00e9us-01-08-13-7-300x186.jpg 300w\" sizes=\"(max-width: 600px) 100vw, 600px\" \/><\/a><p id=\"caption-attachment-72653\" class=\"wp-caption-text\">Ilumina\u00e7\u00e3o da Av Soares Lopes foto Gidelzo Silva Secom-Ilh\u00e9us 01-08-13.<\/p><\/div><\/p>\n<p>Os servi\u00e7os de manuten\u00e7\u00e3o de ilumina\u00e7\u00e3o p\u00fablica j\u00e1 beneficiaram moradores de diversas localidades de Ilh\u00e9us, atingindo mais de 80% da cidade. Aa\u00e7\u00e3o contemplou \u00e0savenidas Esperan\u00e7a (Governador Roberto Santos) e Soares Lopes e bairros de S\u00e3o Miguel, Banco da Vit\u00f3ria, Salobrinho, Pontal, Sapetinga, Jardim Pontal, Nossa Senhora da Vit\u00f3ria e Jardim Atl\u00e2ntico. Parte do Malhado, Outeiro de S\u00e3o Sebasti\u00e3o, alto do Mambape e da Avenida Princesa Isabel tamb\u00e9m receberam os benef\u00edcios. At\u00e9 est\u00e1 sexta-feira, dia 27, os trabalhos est\u00e3o concentrados em ruas do S\u00e3o Miguel, Barra e Conquista. Est\u00e1 no cronograma o retorno ao Bairro Teot\u00f4nio Vilela.<\/p>\n<p><!--more--><\/p>\n<p>Iniciado no \u00faltimo m\u00eas de agosto, o servi\u00e7o realizado pela Prefeitura, atrav\u00e9s da Secretaria Municipal de Desenvolvimento Urbano (Sedur), j\u00e1 chegou tamb\u00e9m a v\u00e1rios outros pontos do centro da cidade. Al\u00e9m disso, as equipes operacionais est\u00e3o com trabalhos quase conclu\u00eddos nos bairros de Hernani S\u00e1, Nelson Costa, Vila Freitas, Barreira, conjunto habitacional Ceplus (em conflu\u00eancia com a BA-001), Alto Boa Vista (Pacheco), al\u00e9m das avenidas Ubaitaba e 2 de Julho.<\/p>\n<p>Ao avaliar os benef\u00edcios da a\u00e7\u00e3o, o superintendente de Obras e Servi\u00e7os P\u00fablicos da Sedur, Ednaldo Azevedo, ressalta que a manuten\u00e7\u00e3o da ilumina\u00e7\u00e3o p\u00fablica contribui com outros setores. \u201cGarantindo os servi\u00e7os de ilumina\u00e7\u00e3o, tamb\u00e9m estamos contribuindo com a seguran\u00e7a em locais p\u00fablicos, como em pontos de \u00f4nibus, com a acessibilidade e at\u00e9 com a educa\u00e7\u00e3o, uma vez que muitas pessoas estudam a noite e sentiam dificuldades noretorno para casa\u201d, destaca.<\/p>\n<p>Al\u00e9m da substitui\u00e7\u00e3o das l\u00e2mpadas, tamb\u00e9m \u00e9 realizada a troca das c\u00e9lulas fotoel\u00e9tricas, reatores, das bases e dos conectores. Ednaldo Azevedo acrescentou que o roteiro dos servi\u00e7os foi elaborado a partir das solicita\u00e7\u00f5es da popula\u00e7\u00e3o. \u201cDamos prioridades aos pontos mais cr\u00edticos do munic\u00edpio, e aqueles que t\u00eam um maior tr\u00e1fego de pessoas e de ve\u00edculos\u201d, ressaltou. A previs\u00e3o da Sedur \u00e9 contemplar todos os bairros da cidade, at\u00e9 o final do pr\u00f3ximo m\u00eas de outubro.<\/p>\n<p>&#8212;<br \/>\nSecretaria de Comunica\u00e7\u00e3o Social (Secom)<br \/>\nIlh\u00e9us \u2013 26.09.2013<\/p>\n","protected":false},"excerpt":{"rendered":"<p>Os servi\u00e7os j\u00e1 atingiram v\u00e1rios pontos do centro de Ilh\u00e9u e bairros das regi\u00f5es norte e sul. At\u00e9 est\u00e1 sexta-feira, dia 27, os trabalhos est\u00e3o concentrados em ruas do S\u00e3o Miguel, Barra e Conquista. Est\u00e1 no cronograma operacional o retorno ao Bairro Teot\u00f4nio Vilela. Os servi\u00e7os de manuten\u00e7\u00e3o de ilumina\u00e7\u00e3o p\u00fablica j\u00e1 beneficiaram moradores de [&hellip;]<\/p>\n","protected":false},"author":2,"featured_media":0,"comment_status":"open","ping_status":"open","sticky":false,"template":"","format":"standard","meta":{"_links_to":"","_links_to_target":""},"categories":[23],"tags":[],"_links":{"self":[{"href":"https:\/\/www.r2cpress.com.br\/v1\/wp-json\/wp\/v2\/posts\/72652"}],"collection":[{"href":"https:\/\/www.r2cpress.com.br\/v1\/wp-json\/wp\/v2\/posts"}],"about":[{"href":"https:\/\/www.r2cpress.com.br\/v1\/wp-json\/wp\/v2\/types\/post"}],"author":[{"embeddable":true,"href":"https:\/\/www.r2cpress.com.br\/v1\/wp-json\/wp\/v2\/users\/2"}],"replies":[{"embeddable":true,"href":"https:\/\/www.r2cpress.com.br\/v1\/wp-json\/wp\/v2\/comments?post=72652"}],"version-history":[{"count":2,"href":"https:\/\/www.r2cpress.com.br\/v1\/wp-json\/wp\/v2\/posts\/72652\/revisions"}],"predecessor-version":[{"id":72655,"href":"https:\/\/www.r2cpress.com.br\/v1\/wp-json\/wp\/v2\/posts\/72652\/revisions\/72655"}],"wp:attachment":[{"href":"https:\/\/www.r2cpress.com.br\/v1\/wp-json\/wp\/v2\/media?parent=72652"}],"wp:term":[{"taxonomy":"category","embeddable":true,"href":"https:\/\/www.r2cpress.com.br\/v1\/wp-json\/wp\/v2\/categories?post=72652"},{"taxonomy":"post_tag","embeddable":true,"href":"https:\/\/www.r2cpress.com.br\/v1\/wp-json\/wp\/v2\/tags?post=72652"}],"curies":[{"name":"wp","href":"https:\/\/api.w.org\/{rel}","templated":true}]}}