{"id":72659,"date":"2013-09-26T11:34:09","date_gmt":"2013-09-26T14:34:09","guid":{"rendered":"http:\/\/www.r2cpress.com.br\/v1\/?p=72659"},"modified":"2013-09-26T11:34:09","modified_gmt":"2013-09-26T14:34:09","slug":"no-blog-do-gusmao-4","status":"publish","type":"post","link":"https:\/\/www.r2cpress.com.br\/v1\/2013\/09\/26\/no-blog-do-gusmao-4\/","title":{"rendered":"No blog do Gusm\u00e3o"},"content":{"rendered":"<h2><a title=\"Link permanente para AGENTES DA POL\u00cdCIA FEDERAL CRUZAM OS BRA\u00c7OS NESSA QUARTA-FEIRA\" href=\"http:\/\/www.blogdogusmao.com.br\/v1\/2013\/09\/25\/agentes-da-policia-federal-cruzam-os-bracos-nessa-quarta-feira\/\" rel=\"bookmark\"> AGENTES DA POL\u00cdCIA FEDERAL CRUZAM OS BRA\u00c7OS NESSA QUARTA-FEIRA<\/a><\/h2>\n<div>Autor: <a title=\"Autor\" href=\"http:\/\/www.blogdogusmao.com.br\/v1\/2013\/09\/25\/agentes-da-policia-federal-cruzam-os-bracos-nessa-quarta-feira\/#\">Gabriela Caldas<\/a><\/div>\n<p><a href=\"http:\/\/www.blogdogusmao.com.br\/v1\/wp-content\/uploads\/20130925_111501.jpg\" rel=\"lightbox[114189]\"><img loading=\"lazy\" alt=\"PF Solid\u00e1ria no lar S\u00e3o Vicente de Paulo.\" src=\"http:\/\/www.blogdogusmao.com.br\/v1\/wp-content\/uploads\/20130925_111501.jpg\" width=\"435\" height=\"293\" \/><\/a><\/p>\n<p><em>PF Solid\u00e1ria no abrigo S\u00e3o Vicente de Paula.<\/em><\/p>\n<h4>Para dar continuidade \u00e0 agenda de manifesta\u00e7\u00f5es planejadas pelo Sindicato dos Policiais Federais no estado da Bahia (SINDIPOL\/BA), os agentes da Pol\u00edcia Federal em todo o estado cruzam os bra\u00e7os nessa quarta-feira (25).<\/h4>\n<h4>O objetivo da paralisa\u00e7\u00e3o \u00e9 alertar a popula\u00e7\u00e3o sobre o processo de sucateamento que o \u00f3rg\u00e3o vem sofrendo desde 2009, promovido pelo governo federal.<\/h4>\n<h4>As a\u00e7\u00f5es ocorrem em todas as delegacias do estado. Em\u00a0Ilh\u00e9us, os policiais federais, que s\u00e3o respons\u00e1veis por 52 munic\u00edpios, al\u00e9m de cruzar os bra\u00e7os, deram prosseguimento \u00e0 campanha \u201cPF Solid\u00e1ria\u201d, com uma\u00a0visita ao abrigo de idosos S\u00e3o Vicente de Paula, onde realizaram a entrega de cem quilos de fraldas geri\u00e1tricas.<\/h4>\n<h4>Apenas o servi\u00e7o de plant\u00e3o para\u00a0ocorr\u00eancias de urg\u00eancia ser\u00e3o atendidos hoje na Pol\u00edcia Federal.<\/h4>\n","protected":false},"excerpt":{"rendered":"<p>AGENTES DA POL\u00cdCIA FEDERAL CRUZAM OS BRA\u00c7OS NESSA QUARTA-FEIRA Autor: Gabriela Caldas PF Solid\u00e1ria no abrigo S\u00e3o Vicente de Paula. Para dar continuidade \u00e0 agenda de manifesta\u00e7\u00f5es planejadas pelo Sindicato dos Policiais Federais no estado da Bahia (SINDIPOL\/BA), os agentes da Pol\u00edcia Federal em todo o estado cruzam os bra\u00e7os nessa quarta-feira (25). O objetivo [&hellip;]<\/p>\n","protected":false},"author":2,"featured_media":0,"comment_status":"open","ping_status":"open","sticky":false,"template":"","format":"standard","meta":{"_links_to":"","_links_to_target":""},"categories":[25],"tags":[],"_links":{"self":[{"href":"https:\/\/www.r2cpress.com.br\/v1\/wp-json\/wp\/v2\/posts\/72659"}],"collection":[{"href":"https:\/\/www.r2cpress.com.br\/v1\/wp-json\/wp\/v2\/posts"}],"about":[{"href":"https:\/\/www.r2cpress.com.br\/v1\/wp-json\/wp\/v2\/types\/post"}],"author":[{"embeddable":true,"href":"https:\/\/www.r2cpress.com.br\/v1\/wp-json\/wp\/v2\/users\/2"}],"replies":[{"embeddable":true,"href":"https:\/\/www.r2cpress.com.br\/v1\/wp-json\/wp\/v2\/comments?post=72659"}],"version-history":[{"count":3,"href":"https:\/\/www.r2cpress.com.br\/v1\/wp-json\/wp\/v2\/posts\/72659\/revisions"}],"predecessor-version":[{"id":72662,"href":"https:\/\/www.r2cpress.com.br\/v1\/wp-json\/wp\/v2\/posts\/72659\/revisions\/72662"}],"wp:attachment":[{"href":"https:\/\/www.r2cpress.com.br\/v1\/wp-json\/wp\/v2\/media?parent=72659"}],"wp:term":[{"taxonomy":"category","embeddable":true,"href":"https:\/\/www.r2cpress.com.br\/v1\/wp-json\/wp\/v2\/categories?post=72659"},{"taxonomy":"post_tag","embeddable":true,"href":"https:\/\/www.r2cpress.com.br\/v1\/wp-json\/wp\/v2\/tags?post=72659"}],"curies":[{"name":"wp","href":"https:\/\/api.w.org\/{rel}","templated":true}]}}