{"id":72670,"date":"2013-09-26T14:12:34","date_gmt":"2013-09-26T17:12:34","guid":{"rendered":"http:\/\/www.r2cpress.com.br\/v1\/?p=72670"},"modified":"2013-09-26T14:12:34","modified_gmt":"2013-09-26T17:12:34","slug":"moradora-mais-velha-de-ilheus-festeja-104-anos-nesta-sexta-feira","status":"publish","type":"post","link":"https:\/\/www.r2cpress.com.br\/v1\/2013\/09\/26\/moradora-mais-velha-de-ilheus-festeja-104-anos-nesta-sexta-feira\/","title":{"rendered":"Moradora mais velha de Ilh\u00e9us festeja 104 anos nesta sexta-feira"},"content":{"rendered":"<p><em>A ilheense Enedina Pereira aprendeu a ler aos 100 anos e promete dan\u00e7ar, cantar e recitar versos na sua festa de anivers\u00e1rio.<\/em><\/p>\n<p><div id=\"attachment_72671\" style=\"width: 160px\" class=\"wp-caption alignright\"><a href=\"http:\/\/www.r2cpress.com.br\/v1\/wp-content\/uploads\/Dona-Enedina-Pereira-Imagem-Internet.jpg\"><img aria-describedby=\"caption-attachment-72671\" loading=\"lazy\" src=\"http:\/\/www.r2cpress.com.br\/v1\/wp-content\/uploads\/Dona-Enedina-Pereira-Imagem-Internet.jpg\" alt=\"Dona Enedina Pereira - Imagem Internet\" width=\"150\" height=\"194\" class=\"size-full wp-image-72671\" \/><\/a><p id=\"caption-attachment-72671\" class=\"wp-caption-text\">Dona Enedina Pereira &#8211; Imagem Internet<\/p><\/div>Ilh\u00e9us festeja nesta sexta-feira, dia 27, uma hist\u00f3ria de for\u00e7a, perseveran\u00e7a e exemplo de vida. Dona Enedina Pereira, a moradora mais velha do munic\u00edpio, completa 104 anos de vida e comemora seu anivers\u00e1rioem uma festa com muita m\u00fasica e anima\u00e7\u00e3o. A aniversariante promete recitar versos que traz da sua trajet\u00f3ria atrav\u00e9s da oralidade, afinal dona Enedina s\u00f3 aprendeu a ler aos 100 anos de idade, como aluna do programa estadual Todos pela Alfabetiza\u00e7\u00e3o (Topa).<\/p>\n<p>A festa, organizada pela educadora Eunice Correia, vai ocorrer na Creche Menor Carente (Creche da Zita), no bairro de Teot\u00f4nio Vilela, \u00e0s 18 horas. \u201cA dedica\u00e7\u00e3o e persist\u00eancia de dona Eunice devem ser refer\u00eancia para todos n\u00f3s, apesar de uma vida dura, de catadora de caranguejo, ela nunca deixou de sorrir e de levar alegria por onda passa\u201d, confirma a professora, respons\u00e1vel pela alfabetiza\u00e7\u00e3o da aniversariante.<\/p>\n<p>Para o prefeito Jabes Ribeiro, dona Enedina \u00e9 um exemplo de determina\u00e7\u00e3o e um orgulho para Ilh\u00e9us. \u201cAlgu\u00e9m que, apesar das dificuldades, nunca desistiu de vencer os pr\u00f3prios obst\u00e1culos e conquistou sua alfabetiza\u00e7\u00e3o, a din\u00e2mica da pr\u00f3pria cidadania. Por isso, o anivers\u00e1rio de dona Enedina \u00e9 uma festa para Ilh\u00e9us e deve ser um espelho para nossa juventude\u201d, declarou o prefeito.<\/p>\n<p>&#8212;<br \/>\nSecretaria de Comunica\u00e7\u00e3o Social (Secom)<br \/>\nIlh\u00e9us \u2013 26.09.2013<\/p>\n","protected":false},"excerpt":{"rendered":"<p>A ilheense Enedina Pereira aprendeu a ler aos 100 anos e promete dan\u00e7ar, cantar e recitar versos na sua festa de anivers\u00e1rio. Ilh\u00e9us festeja nesta sexta-feira, dia 27, uma hist\u00f3ria de for\u00e7a, perseveran\u00e7a e exemplo de vida. Dona Enedina Pereira, a moradora mais velha do munic\u00edpio, completa 104 anos de vida e comemora seu anivers\u00e1rioem [&hellip;]<\/p>\n","protected":false},"author":2,"featured_media":0,"comment_status":"open","ping_status":"open","sticky":false,"template":"","format":"standard","meta":{"_links_to":"","_links_to_target":""},"categories":[23],"tags":[],"_links":{"self":[{"href":"https:\/\/www.r2cpress.com.br\/v1\/wp-json\/wp\/v2\/posts\/72670"}],"collection":[{"href":"https:\/\/www.r2cpress.com.br\/v1\/wp-json\/wp\/v2\/posts"}],"about":[{"href":"https:\/\/www.r2cpress.com.br\/v1\/wp-json\/wp\/v2\/types\/post"}],"author":[{"embeddable":true,"href":"https:\/\/www.r2cpress.com.br\/v1\/wp-json\/wp\/v2\/users\/2"}],"replies":[{"embeddable":true,"href":"https:\/\/www.r2cpress.com.br\/v1\/wp-json\/wp\/v2\/comments?post=72670"}],"version-history":[{"count":2,"href":"https:\/\/www.r2cpress.com.br\/v1\/wp-json\/wp\/v2\/posts\/72670\/revisions"}],"predecessor-version":[{"id":72673,"href":"https:\/\/www.r2cpress.com.br\/v1\/wp-json\/wp\/v2\/posts\/72670\/revisions\/72673"}],"wp:attachment":[{"href":"https:\/\/www.r2cpress.com.br\/v1\/wp-json\/wp\/v2\/media?parent=72670"}],"wp:term":[{"taxonomy":"category","embeddable":true,"href":"https:\/\/www.r2cpress.com.br\/v1\/wp-json\/wp\/v2\/categories?post=72670"},{"taxonomy":"post_tag","embeddable":true,"href":"https:\/\/www.r2cpress.com.br\/v1\/wp-json\/wp\/v2\/tags?post=72670"}],"curies":[{"name":"wp","href":"https:\/\/api.w.org\/{rel}","templated":true}]}}