{"id":72698,"date":"2013-09-26T16:34:57","date_gmt":"2013-09-26T19:34:57","guid":{"rendered":"http:\/\/www.r2cpress.com.br\/v1\/?p=72698"},"modified":"2013-09-26T16:34:57","modified_gmt":"2013-09-26T19:34:57","slug":"ministerio-da-aviacao-indica-dois-locais-para-construcao-do-aeroporto-internacional-de-ilheus","status":"publish","type":"post","link":"https:\/\/www.r2cpress.com.br\/v1\/2013\/09\/26\/ministerio-da-aviacao-indica-dois-locais-para-construcao-do-aeroporto-internacional-de-ilheus\/","title":{"rendered":"Minist\u00e9rio da Avia\u00e7\u00e3o indica dois locais para constru\u00e7\u00e3o do aeroporto internacional de Ilh\u00e9us"},"content":{"rendered":"<p><em>Em Bras\u00edlia, o ministro Moreira Franco informou ao prefeito Jabes Ribeiro que o novo aeroporto de Ilh\u00e9us ainda n\u00e3o tem local definido e poder\u00e1 ser constru\u00eddo em \u00e1reas do litoral norte da cidade ou nas proximidades da sede da Ceplac. O prefeito tamb\u00e9m falou sobre a recupera\u00e7\u00e3o do Teatro Municipal com o Minist\u00e9rio da Cultura.<\/em><\/p>\n<div id=\"attachment_72699\" style=\"width: 610px\" class=\"wp-caption aligncenter\"><a href=\"http:\/\/www.r2cpress.com.br\/v1\/wp-content\/uploads\/Ilheus-Foto-Secom-Roberto-Santos.jpg\"><img aria-describedby=\"caption-attachment-72699\" loading=\"lazy\" src=\"http:\/\/www.r2cpress.com.br\/v1\/wp-content\/uploads\/Ilheus-Foto-Secom-Roberto-Santos.jpg\" alt=\"Ilheus  - Foto (Secom) Roberto Santos\" width=\"600\" height=\"382\" class=\"size-full wp-image-72699\" srcset=\"https:\/\/www.r2cpress.com.br\/v1\/wp-content\/uploads\/Ilheus-Foto-Secom-Roberto-Santos.jpg 600w, https:\/\/www.r2cpress.com.br\/v1\/wp-content\/uploads\/Ilheus-Foto-Secom-Roberto-Santos-300x191.jpg 300w\" sizes=\"(max-width: 600px) 100vw, 600px\" \/><\/a><p id=\"caption-attachment-72699\" class=\"wp-caption-text\">Ilheus  &#8211; Foto (Secom) Roberto Santos<\/p><\/div>\n<p>Conforme informa\u00e7\u00f5es do prefeito de Ilh\u00e9us, Jabes Ribeiro, o Minist\u00e9rio da Avia\u00e7\u00e3o Civil prev\u00ea a constru\u00e7\u00e3o do novo aeroporto internacional no do munic\u00edpio em \u00e1reas do litoral norte ilheense ou pr\u00f3ximo \u00e0 sede da Ceplac, \u00e0 margem da BR-415. \u201cO ministro (Moreira Franco) disse claramente que h\u00e1 uma decis\u00e3o do Governo Federal de construir o aeroporto em parceria com o governo do Estado da Bahia e com o munic\u00edpio\u201d, afirmou o prefeito, durante entrevista na manh\u00e3 desta quinta-feira, dia 26, ao programa Alerta Geral, da r\u00e1dio Santa Cruz, apresentado pelo comunicador Gil Gomes.<\/p>\n<p><!--more--><\/p>\n<p>Na entrevista, por telefone, Jabes Ribeiro falou tamb\u00e9m sobre o processo de libera\u00e7\u00e3o da verba para recupera\u00e7\u00e3o do Teatro Municipal de Ilh\u00e9us. Na quarta-feira, dia 25, o prefeito viajou ao Distrito Federal para tratar desses e de outros assuntos do interesse do munic\u00edpio de Ilh\u00e9us.  <\/p>\n<p>O primeiro encontro foi com o ministro da Avia\u00e7\u00e3o Moreira Franco, que acompanhado de t\u00e9cnicos da pasta, discutiu com o prefeito a implanta\u00e7\u00e3o do aeroporto, uma obra de cerca de R$ 200 milh\u00f5es. \u201cA decis\u00e3o passa por quest\u00f5es t\u00e9cnicas, incluindo aspectos como relevo e clima\u201d, destacou o prefeito, informando que ter\u00e1 reuni\u00f5es, nos pr\u00f3ximos dias, com o vice-governador da Bahia, Otto Alencar, e o Secret\u00e1rio da Casa Civil do Estado, Rui Costa, para tratar do assunto.<\/p>\n<p>A segundo reuni\u00e3o do prefeito de Ilh\u00e9us em Bras\u00edlia foi no Minist\u00e9rio da Cultura para procurar agilizar a libera\u00e7\u00e3o da verba de R$ 750 mil destinada \u00e0 obra de recupera\u00e7\u00e3o do Teatro Municipal de Ilh\u00e9us.  \u201cO projeto est\u00e1 pronto e o minist\u00e9rio demonstrou total empenho em agilizar a libera\u00e7\u00e3o dos recursos\u201d, observou. O montante \u00e9 resultado de uma emenda parlamentar do deputado M\u00e1rio Negromonte (PP) e ser\u00e1 usado para uma completa reforma, de modo a devolver \u00e0 casa de espet\u00e1culos todo o brilho que j\u00e1 fez o TMI ser considerado o melhor teatro do interior em todo o Brasil. \u201cO Teatro Municipal de Ilh\u00e9us \u00e9 uma refer\u00eancia importante para todos n\u00f3s\u201d, frisou.  <\/p>\n<p>Jabes Ribeiro tamb\u00e9m destacou outros aspectos que est\u00e3o encaminhados junto ao Governo Federal e que ser\u00e3o objeto de outras audi\u00eancias em Bras\u00edlia, como a capta\u00e7\u00e3o de recursos da ordem de R$ 25 milh\u00f5es para investimento em obras de infraestrutura nos morros de Ilh\u00e9us, a necessidade da regulariza\u00e7\u00e3o do munic\u00edpio junto ao Servi\u00e7o Auxiliar de Informa\u00e7\u00f5es para Transfer\u00eancias Volunt\u00e1rias (Cauc), recuperando a capacidade de endividamento. \u201cQuando assumimos, encontramos mais de 30 pend\u00eancias junto ao Cauc e hoje estamos com apenas duas. Estamos trabalhando para recuperar as possibilidades do munic\u00edpio em contrair empr\u00e9stimos junto ao governo Federal para investimento em benef\u00edcios para toda a popula\u00e7\u00e3o\u201d, destacou.  <\/p>\n<p>  Proposta a servidores \u2013 Na entrevista, o prefeito tamb\u00e9m comentou sobre a situa\u00e7\u00e3o do munic\u00edpio e explicou novamente os termos da proposta apresentada aos sindicados para acabar com a greve e, mais uma vez, conclamou os servidores a retomarem seus postos de trabalho, oferecendo a totalidade dos servi\u00e7os municipais aos ilheenses. \u201cToda a receita do munic\u00edpio esta sendo usada para pagar os trabalhadores; a nossa folha de pagamentos ultrapassa em mais de R$ 3 milh\u00f5es os limites estabelecidos pela Lei de Responsabilidade Fiscal e ainda assim procuramos uma forma de conceder a revis\u00e3o salarial aos servidores\u201d, atestou o prefeito.<\/p>\n<p>Jabes Ribeiro explicou tamb\u00e9m que as condicionantes da proposta, como redu\u00e7\u00e3o da jornada, s\u00e3o provis\u00f3rias e que os gestores p\u00fablicos est\u00e3o trabalhando para ampliar a receita e promover a organiza\u00e7\u00e3o da cidade. O prefeito fez quest\u00e3o de ressaltar que est\u00e1 fazendo de tudo para n\u00e3o tomar a decis\u00e3o indicada pelo Tribunal de Contas dos Munic\u00edpios (TCM), que consiste na demiss\u00e3o de mais de mil funcion\u00e1rios, contingente constitu\u00eddo por 483 contratos tempor\u00e1rios, nas \u00e1reas da Educa\u00e7\u00e3o, Sa\u00fade e programas sociais, e mais 519 servidores admitidos entre 1983 e 1988. &#8220;E, ainda assim, os sindicatos se negam a entrar em um acordo. Se amanh\u00e3 eu tiver que tomar uma provid\u00eancia que eu n\u00e3o quero tomar a responsabilidade \u00e9 dos sindicalistas\u201d, observou.  <\/p>\n<p>&#8212;<br \/>\nSecretaria de Comunica\u00e7\u00e3o Social (Secom)<br \/>\nIlh\u00e9us \u2013 26.09.2013<\/p>\n","protected":false},"excerpt":{"rendered":"<p>Em Bras\u00edlia, o ministro Moreira Franco informou ao prefeito Jabes Ribeiro que o novo aeroporto de Ilh\u00e9us ainda n\u00e3o tem local definido e poder\u00e1 ser constru\u00eddo em \u00e1reas do litoral norte da cidade ou nas proximidades da sede da Ceplac. O prefeito tamb\u00e9m falou sobre a recupera\u00e7\u00e3o do Teatro Municipal com o Minist\u00e9rio da Cultura. [&hellip;]<\/p>\n","protected":false},"author":2,"featured_media":0,"comment_status":"open","ping_status":"open","sticky":false,"template":"","format":"standard","meta":{"_links_to":"","_links_to_target":""},"categories":[23],"tags":[],"_links":{"self":[{"href":"https:\/\/www.r2cpress.com.br\/v1\/wp-json\/wp\/v2\/posts\/72698"}],"collection":[{"href":"https:\/\/www.r2cpress.com.br\/v1\/wp-json\/wp\/v2\/posts"}],"about":[{"href":"https:\/\/www.r2cpress.com.br\/v1\/wp-json\/wp\/v2\/types\/post"}],"author":[{"embeddable":true,"href":"https:\/\/www.r2cpress.com.br\/v1\/wp-json\/wp\/v2\/users\/2"}],"replies":[{"embeddable":true,"href":"https:\/\/www.r2cpress.com.br\/v1\/wp-json\/wp\/v2\/comments?post=72698"}],"version-history":[{"count":2,"href":"https:\/\/www.r2cpress.com.br\/v1\/wp-json\/wp\/v2\/posts\/72698\/revisions"}],"predecessor-version":[{"id":72702,"href":"https:\/\/www.r2cpress.com.br\/v1\/wp-json\/wp\/v2\/posts\/72698\/revisions\/72702"}],"wp:attachment":[{"href":"https:\/\/www.r2cpress.com.br\/v1\/wp-json\/wp\/v2\/media?parent=72698"}],"wp:term":[{"taxonomy":"category","embeddable":true,"href":"https:\/\/www.r2cpress.com.br\/v1\/wp-json\/wp\/v2\/categories?post=72698"},{"taxonomy":"post_tag","embeddable":true,"href":"https:\/\/www.r2cpress.com.br\/v1\/wp-json\/wp\/v2\/tags?post=72698"}],"curies":[{"name":"wp","href":"https:\/\/api.w.org\/{rel}","templated":true}]}}