{"id":72719,"date":"2013-09-26T21:19:39","date_gmt":"2013-09-27T00:19:39","guid":{"rendered":"http:\/\/www.r2cpress.com.br\/v1\/?p=72719"},"modified":"2013-09-26T21:19:39","modified_gmt":"2013-09-27T00:19:39","slug":"reuniao-no-ministerio-do-esporte-aponta-motivos-do-baixo-publico-nas-novas-arenas","status":"publish","type":"post","link":"https:\/\/www.r2cpress.com.br\/v1\/2013\/09\/26\/reuniao-no-ministerio-do-esporte-aponta-motivos-do-baixo-publico-nas-novas-arenas\/","title":{"rendered":"Reuni\u00e3o no Minist\u00e9rio do Esporte aponta motivos do baixo p\u00fablico nas novas arenas"},"content":{"rendered":"<p>Jogos realizados em hor\u00e1rio avan\u00e7ado, proibi\u00e7\u00e3o da comercializa\u00e7\u00e3o de bebida alco\u00f3lica e dist\u00e2ncia de algumas Arenas do centro das cidades. Al\u00e9m dos pre\u00e7os dos ingressos, esses s\u00e3o alguns dos motivos apontados para o esvaziamento das arenas que ser\u00e3o palco dos jogos da Copa do Mundo 2014, que ser\u00e1 realizada no Brasil.<\/p>\n<div id=\"attachment_72720\" style=\"width: 610px\" class=\"wp-caption aligncenter\"><a href=\"http:\/\/www.r2cpress.com.br\/v1\/wp-content\/uploads\/Reuni\u00e3o-no-Minist\u00e9rio-do-Esporte-Foto-Glauber-QueirozME.jpg\"><img aria-describedby=\"caption-attachment-72720\" loading=\"lazy\" src=\"http:\/\/www.r2cpress.com.br\/v1\/wp-content\/uploads\/Reuni\u00e3o-no-Minist\u00e9rio-do-Esporte-Foto-Glauber-QueirozME.jpg\" alt=\"Reuni\u00e3o no Minist\u00e9rio do Esporte -Foto Glauber QueirozME.\" width=\"600\" height=\"400\" class=\"size-full wp-image-72720\" srcset=\"https:\/\/www.r2cpress.com.br\/v1\/wp-content\/uploads\/Reuni\u00e3o-no-Minist\u00e9rio-do-Esporte-Foto-Glauber-QueirozME.jpg 600w, https:\/\/www.r2cpress.com.br\/v1\/wp-content\/uploads\/Reuni\u00e3o-no-Minist\u00e9rio-do-Esporte-Foto-Glauber-QueirozME-300x200.jpg 300w\" sizes=\"(max-width: 600px) 100vw, 600px\" \/><\/a><p id=\"caption-attachment-72720\" class=\"wp-caption-text\">Reuni\u00e3o no Minist\u00e9rio do Esporte -Foto Glauber QueirozME.<\/p><\/div>\n<p>O diagn\u00f3stico foi feito na tarde desta quinta-feira, dia 26, na reuni\u00e3o realizada no Minist\u00e9rio do Esporte, em Bras\u00edlia, para discutir o valor dos ingressos nos jogos de futebol e evitar aumentos abusivos nos pre\u00e7os.<\/p>\n<p>Presente \u00e0 reuni\u00e3o, o secret\u00e1rio do Trabalho e Esporte da Bahia, Nilton Vasconcelos, informou que, a partir dos dados apresentados, o Minist\u00e9rio ir\u00e1 elaborar um relat\u00f3rio, cuja vers\u00e3o final ser\u00e1 aprovada em reuni\u00e3o que acontecer\u00e1 novamente em Bras\u00edlia nos pr\u00f3ximos 15 dias, para posterior encaminhamento \u00e0 presidente Dilma Rousseff.<\/p>\n<p>Convocado pelo ministro do Esporte, Aldo Rebelo, a pedido da presidente, o encontro reuniu representantes do poder p\u00fablico, entre outros, dos estados da Bahia, Minas Gerais e Rio Grande do Norte; administradores dos novos est\u00e1dios, como o Maracan\u00e3 (Rio de Janeiro), Arena Fonte Nova (Salvador), al\u00e9m de dirigentes dos principais clubes de futebol do Brasil, como Corinthians, Botafogo, Fortaleza, Gr\u00eamio e Bahia, representado pelo presidente Fernando Schmidt.<\/p>\n<p>&#8212;<br \/>\nTadeu Paz<br \/>\nAssessoria de Comunica\u00e7\u00e3o Social<\/p>\n","protected":false},"excerpt":{"rendered":"<p>Jogos realizados em hor\u00e1rio avan\u00e7ado, proibi\u00e7\u00e3o da comercializa\u00e7\u00e3o de bebida alco\u00f3lica e dist\u00e2ncia de algumas Arenas do centro das cidades. Al\u00e9m dos pre\u00e7os dos ingressos, esses s\u00e3o alguns dos motivos apontados para o esvaziamento das arenas que ser\u00e3o palco dos jogos da Copa do Mundo 2014, que ser\u00e1 realizada no Brasil. O diagn\u00f3stico foi feito [&hellip;]<\/p>\n","protected":false},"author":2,"featured_media":0,"comment_status":"open","ping_status":"open","sticky":false,"template":"","format":"standard","meta":{"_links_to":"","_links_to_target":""},"categories":[11],"tags":[],"_links":{"self":[{"href":"https:\/\/www.r2cpress.com.br\/v1\/wp-json\/wp\/v2\/posts\/72719"}],"collection":[{"href":"https:\/\/www.r2cpress.com.br\/v1\/wp-json\/wp\/v2\/posts"}],"about":[{"href":"https:\/\/www.r2cpress.com.br\/v1\/wp-json\/wp\/v2\/types\/post"}],"author":[{"embeddable":true,"href":"https:\/\/www.r2cpress.com.br\/v1\/wp-json\/wp\/v2\/users\/2"}],"replies":[{"embeddable":true,"href":"https:\/\/www.r2cpress.com.br\/v1\/wp-json\/wp\/v2\/comments?post=72719"}],"version-history":[{"count":3,"href":"https:\/\/www.r2cpress.com.br\/v1\/wp-json\/wp\/v2\/posts\/72719\/revisions"}],"predecessor-version":[{"id":72723,"href":"https:\/\/www.r2cpress.com.br\/v1\/wp-json\/wp\/v2\/posts\/72719\/revisions\/72723"}],"wp:attachment":[{"href":"https:\/\/www.r2cpress.com.br\/v1\/wp-json\/wp\/v2\/media?parent=72719"}],"wp:term":[{"taxonomy":"category","embeddable":true,"href":"https:\/\/www.r2cpress.com.br\/v1\/wp-json\/wp\/v2\/categories?post=72719"},{"taxonomy":"post_tag","embeddable":true,"href":"https:\/\/www.r2cpress.com.br\/v1\/wp-json\/wp\/v2\/tags?post=72719"}],"curies":[{"name":"wp","href":"https:\/\/api.w.org\/{rel}","templated":true}]}}