{"id":72727,"date":"2013-09-27T10:44:58","date_gmt":"2013-09-27T13:44:58","guid":{"rendered":"http:\/\/www.r2cpress.com.br\/v1\/?p=72727"},"modified":"2013-09-27T10:44:58","modified_gmt":"2013-09-27T13:44:58","slug":"estado-inicia-operacao-tapa-buracos-na-rodovia-ilheus-una-canavieiras","status":"publish","type":"post","link":"https:\/\/www.r2cpress.com.br\/v1\/2013\/09\/27\/estado-inicia-operacao-tapa-buracos-na-rodovia-ilheus-una-canavieiras\/","title":{"rendered":"Estado inicia opera\u00e7\u00e3o tapa-buracos na rodovia Ilh\u00e9us-Una-Canavieiras"},"content":{"rendered":"<p><div id=\"attachment_72728\" style=\"width: 242px\" class=\"wp-caption alignleft\"><a href=\"http:\/\/www.r2cpress.com.br\/v1\/wp-content\/uploads\/\u00c2ngela-Sousa-e-Saulo-Pontes.jpg\"><img aria-describedby=\"caption-attachment-72728\" loading=\"lazy\" src=\"http:\/\/www.r2cpress.com.br\/v1\/wp-content\/uploads\/\u00c2ngela-Sousa-e-Saulo-Pontes.jpg\" alt=\"\u00c2ngela Sousa e Saulo Pontes\" width=\"232\" height=\"261\" class=\"size-full wp-image-72728\" \/><\/a><p id=\"caption-attachment-72728\" class=\"wp-caption-text\">\u00c2ngela Sousa e Saulo Pontes<\/p><\/div>O Governo do Estado, atrav\u00e9s do Departamento de Infraestrutura de Transporte da Bahia (Derba) j\u00e1 iniciou as obras da opera\u00e7\u00e3o tapa-buracos na BA-001, no trecho que liga o munic\u00edpio de Ilh\u00e9us a Una e Canavieiras. Os servi\u00e7os foram solicitados pela deputada estadual \u00c2ngela Sousa (PSD) e pelos prefeitos Almir Melo (Canavieiras) e Diane Rusciolelli (Una), que em audi\u00eancia com o vice-governador e secret\u00e1rio de Infraestrutura, Otto Alencar, e o diretor do Derba, Saulo Pontes, mostraram a situa\u00e7\u00e3o cr\u00edtica em que se encontrava a rodovia, com centenas de buracos que estavam causando preju\u00edzos e provocando acidentes. <\/p>\n<p>A Opera\u00e7\u00e3o tamb\u00e9m vai beneficiar o distrito de Oliven\u00e7a, onde a situa\u00e7\u00e3o est\u00e1 cr\u00edtica. Para esse local a deputada estadual \u00c2ngela Sousa solicitou n\u00e3o somente a realiza\u00e7\u00e3o da opera\u00e7\u00e3o tapa-buracos, mas tamb\u00e9m uma melhoria no trecho nas proximidades do condom\u00ednio Cai N\u2019\u00e1gua. Explica a deputada estadual que Oliven\u00e7a \u00e9 um dos locais mais bonitos de Ilh\u00e9us, mas est\u00e1 abandonado. H\u00e1 trechos na rodovia que est\u00e3o bastante danificados, da\u00ed a necessidade de servi\u00e7os mais completos, al\u00e9m da realiza\u00e7\u00e3o da opera\u00e7\u00e3o tapa-buracos.<\/p>\n<p>A proposta \u00e9 melhorar essa estrada para que possa funcionar de fato como um grande corredor tur\u00edstico onde os visitantes sejam cada vez mais atra\u00eddos para conhecer as belezas naturais dos munic\u00edpios de Ilh\u00e9us, Una e Canavieiras, al\u00e9m de garantir mais conforto e seguran\u00e7a para os moradores. Tamb\u00e9m como parte da solicita\u00e7\u00e3o da deputada \u00c2ngela Sousa e do prefeito Almir Melo, o Derba dever\u00e1 iniciar nos pr\u00f3ximos dias a opera\u00e7\u00e3o tapa-buracos na rodovia que liga Canavieiras ao munic\u00edpio de Santa Luzia, uma reivindica\u00e7\u00e3o dos agricultores e das comunidades dessas cidades.<\/p>\n<p>Outra grande obra solicitada pela deputada estadual \u00c2ngela Sousa \u00e9 a constru\u00e7\u00e3o no acesso ligando Canavieiras ao munic\u00edpio de Belmonte, que interligar\u00e1 todo o litoral sul ao extremo Sul da Bahia, completando a t\u00e3o sonhada linha verde. De acordo com \u00c2ngela Sousa, este acesso vai mudar a economia de Canavieiras e Belmonte, pois vai permitir uma dinamiza\u00e7\u00e3o do turismo e do escoamento da produ\u00e7\u00e3o agr\u00edcola, que s\u00e3o as principais atividades econ\u00f4micas das duas cidades.<\/p>\n<p>&#8212;<br \/>\nAI\/DEP.<\/p>\n","protected":false},"excerpt":{"rendered":"<p>O Governo do Estado, atrav\u00e9s do Departamento de Infraestrutura de Transporte da Bahia (Derba) j\u00e1 iniciou as obras da opera\u00e7\u00e3o tapa-buracos na BA-001, no trecho que liga o munic\u00edpio de Ilh\u00e9us a Una e Canavieiras. Os servi\u00e7os foram solicitados pela deputada estadual \u00c2ngela Sousa (PSD) e pelos prefeitos Almir Melo (Canavieiras) e Diane Rusciolelli (Una), [&hellip;]<\/p>\n","protected":false},"author":2,"featured_media":0,"comment_status":"open","ping_status":"open","sticky":false,"template":"","format":"standard","meta":{"_links_to":"","_links_to_target":""},"categories":[22],"tags":[],"_links":{"self":[{"href":"https:\/\/www.r2cpress.com.br\/v1\/wp-json\/wp\/v2\/posts\/72727"}],"collection":[{"href":"https:\/\/www.r2cpress.com.br\/v1\/wp-json\/wp\/v2\/posts"}],"about":[{"href":"https:\/\/www.r2cpress.com.br\/v1\/wp-json\/wp\/v2\/types\/post"}],"author":[{"embeddable":true,"href":"https:\/\/www.r2cpress.com.br\/v1\/wp-json\/wp\/v2\/users\/2"}],"replies":[{"embeddable":true,"href":"https:\/\/www.r2cpress.com.br\/v1\/wp-json\/wp\/v2\/comments?post=72727"}],"version-history":[{"count":2,"href":"https:\/\/www.r2cpress.com.br\/v1\/wp-json\/wp\/v2\/posts\/72727\/revisions"}],"predecessor-version":[{"id":72730,"href":"https:\/\/www.r2cpress.com.br\/v1\/wp-json\/wp\/v2\/posts\/72727\/revisions\/72730"}],"wp:attachment":[{"href":"https:\/\/www.r2cpress.com.br\/v1\/wp-json\/wp\/v2\/media?parent=72727"}],"wp:term":[{"taxonomy":"category","embeddable":true,"href":"https:\/\/www.r2cpress.com.br\/v1\/wp-json\/wp\/v2\/categories?post=72727"},{"taxonomy":"post_tag","embeddable":true,"href":"https:\/\/www.r2cpress.com.br\/v1\/wp-json\/wp\/v2\/tags?post=72727"}],"curies":[{"name":"wp","href":"https:\/\/api.w.org\/{rel}","templated":true}]}}