{"id":72742,"date":"2013-09-27T11:17:07","date_gmt":"2013-09-27T14:17:07","guid":{"rendered":"http:\/\/www.r2cpress.com.br\/v1\/?p=72742"},"modified":"2013-09-27T11:17:07","modified_gmt":"2013-09-27T14:17:07","slug":"corpo-de-salva-vidas-de-ilheus-participara-de-duas-capacitacoes","status":"publish","type":"post","link":"https:\/\/www.r2cpress.com.br\/v1\/2013\/09\/27\/corpo-de-salva-vidas-de-ilheus-participara-de-duas-capacitacoes\/","title":{"rendered":"Corpo de Salva-Vidas de Ilh\u00e9us participar\u00e1 de duas capacita\u00e7\u00f5es"},"content":{"rendered":"<p><em>Os 86 servidores municipais que integram a equipe v\u00e3o participar dos treinamentos em \u2018primeiros socorros e resgate aqu\u00e1tico\u2019 e \u2018mergulho e resgate aqu\u00e1tico\u2019, oferecidos pelo Corpo de Bombeiros.<\/em><\/p>\n<div id=\"attachment_72743\" style=\"width: 610px\" class=\"wp-caption aligncenter\"><a href=\"http:\/\/www.r2cpress.com.br\/v1\/wp-content\/uploads\/Salva-Vidas-Imagem-Arquivo-Internet..jpg\"><img aria-describedby=\"caption-attachment-72743\" loading=\"lazy\" src=\"http:\/\/www.r2cpress.com.br\/v1\/wp-content\/uploads\/Salva-Vidas-Imagem-Arquivo-Internet..jpg\" alt=\"Salva-Vidas - Imagem  Arquivo Internet.\" width=\"600\" height=\"450\" class=\"size-full wp-image-72743\" srcset=\"https:\/\/www.r2cpress.com.br\/v1\/wp-content\/uploads\/Salva-Vidas-Imagem-Arquivo-Internet..jpg 600w, https:\/\/www.r2cpress.com.br\/v1\/wp-content\/uploads\/Salva-Vidas-Imagem-Arquivo-Internet.-300x225.jpg 300w\" sizes=\"(max-width: 600px) 100vw, 600px\" \/><\/a><p id=\"caption-attachment-72743\" class=\"wp-caption-text\">Salva-Vidas &#8211; Imagem  Arquivo Internet.<\/p><\/div>\n<p>Entre os pr\u00f3ximos meses de outubro e novembro, os 86 servidores que integram a equipe de salva-vidas do munic\u00edpio participar\u00e3o de dois cursos de qualifica\u00e7\u00e3o oferecidos pelo Corpo de Bombeiros.Os treinamentos em \u2018primeiros socorros e resgate aqu\u00e1tico\u2019 e \u2018mergulho e resgate aqu\u00e1tico\u2019, este \u00faltimo para apenas 10 agentes, v\u00e3o ocorrer no Clube Social de Ilh\u00e9us, no Balne\u00e1rio Tororomba de Oliven\u00e7a, e na pr\u00f3pria base do Corpo de Bombeiros Militares, localizada na Barra de Ita\u00edpe.<\/p>\n<p>O chefe do Corpo de Salva-Vidas da Prefeitura de Ilh\u00e9us, Alexandre Mendon\u00e7a, enfatiza que essas e outras capacita\u00e7\u00f5es correspondem a inciativas voltadas para o aperfei\u00e7oamento permanente do efetivo. Mendon\u00e7a tamb\u00e9m destaca que o setorest\u00e1 atuando para garantir que, na pr\u00f3xima temporada de ver\u00e3o, o efetivo trabalhe com vestu\u00e1rios e equipamentos adequados. \u201cE isso inclui a aquisi\u00e7\u00e3o de shorts, sungas, bon\u00e9s e camisetas. Al\u00e9m disso, tamb\u00e9m contaremos com apitos, b\u00f3ias (tipo salsich\u00e3o), sombreiros, p\u00e9s de pato e \u00f3culos polarizados\u201d, garante.<\/p>\n<p>Amplia\u00e7\u00e3o da \u00e1rea de cobertura\u2013Alexandre Mendon\u00e7a informa que, com a chegada da alta esta\u00e7\u00e3o, a atua\u00e7\u00e3o do Corpo de Salva-Vidas ser\u00e1 ampliada. \u201cA partir de novembro, mais bem preparado e de posse dos novos equipamentos, o efetivo passar\u00e1 a atuar de quinta-feira a domingo, dividido em duas equipes: uma das 8 \u00e0s 14 e outra das 12 \u00e0s 18 horas\u201d, completa.<\/p>\n<p>Atualmente, o efetivo do Corpo de Salva-Vidas de Ilh\u00e9us atua entre Mamoan e \u00c1guas de Oliven\u00e7a, trecho que envolve cerca de 60 quil\u00f4metros de litoral. Al\u00e9m das praias do Cristo, da Concha e da \u00e1rea pr\u00f3xima \u00e0 Catedral de S\u00e3o Sebasti\u00e3o, o trabalho tamb\u00e9m \u00e9 realizado em Mamoan, J\u00f3ia do Atl\u00e2ntico, Norte 1 (Cabana Iemanj\u00e1), no Norte, e Opaba, Soro Caseiro, V\u00f3 Er\u00f3, Gabriela, Batuba e Cai N\u2019\u00e1gua, no Sul.<\/p>\n<p>&#8212;<br \/>\nSecretaria de Comunica\u00e7\u00e3o Social (Secom)<br \/>\nIlh\u00e9us \u2013 27.09.2013<\/p>\n","protected":false},"excerpt":{"rendered":"<p>Os 86 servidores municipais que integram a equipe v\u00e3o participar dos treinamentos em \u2018primeiros socorros e resgate aqu\u00e1tico\u2019 e \u2018mergulho e resgate aqu\u00e1tico\u2019, oferecidos pelo Corpo de Bombeiros. Entre os pr\u00f3ximos meses de outubro e novembro, os 86 servidores que integram a equipe de salva-vidas do munic\u00edpio participar\u00e3o de dois cursos de qualifica\u00e7\u00e3o oferecidos pelo [&hellip;]<\/p>\n","protected":false},"author":2,"featured_media":0,"comment_status":"open","ping_status":"open","sticky":false,"template":"","format":"standard","meta":{"_links_to":"","_links_to_target":""},"categories":[23],"tags":[],"_links":{"self":[{"href":"https:\/\/www.r2cpress.com.br\/v1\/wp-json\/wp\/v2\/posts\/72742"}],"collection":[{"href":"https:\/\/www.r2cpress.com.br\/v1\/wp-json\/wp\/v2\/posts"}],"about":[{"href":"https:\/\/www.r2cpress.com.br\/v1\/wp-json\/wp\/v2\/types\/post"}],"author":[{"embeddable":true,"href":"https:\/\/www.r2cpress.com.br\/v1\/wp-json\/wp\/v2\/users\/2"}],"replies":[{"embeddable":true,"href":"https:\/\/www.r2cpress.com.br\/v1\/wp-json\/wp\/v2\/comments?post=72742"}],"version-history":[{"count":2,"href":"https:\/\/www.r2cpress.com.br\/v1\/wp-json\/wp\/v2\/posts\/72742\/revisions"}],"predecessor-version":[{"id":72745,"href":"https:\/\/www.r2cpress.com.br\/v1\/wp-json\/wp\/v2\/posts\/72742\/revisions\/72745"}],"wp:attachment":[{"href":"https:\/\/www.r2cpress.com.br\/v1\/wp-json\/wp\/v2\/media?parent=72742"}],"wp:term":[{"taxonomy":"category","embeddable":true,"href":"https:\/\/www.r2cpress.com.br\/v1\/wp-json\/wp\/v2\/categories?post=72742"},{"taxonomy":"post_tag","embeddable":true,"href":"https:\/\/www.r2cpress.com.br\/v1\/wp-json\/wp\/v2\/tags?post=72742"}],"curies":[{"name":"wp","href":"https:\/\/api.w.org\/{rel}","templated":true}]}}