{"id":72749,"date":"2013-09-27T11:24:54","date_gmt":"2013-09-27T14:24:54","guid":{"rendered":"http:\/\/www.r2cpress.com.br\/v1\/?p=72749"},"modified":"2013-09-27T11:24:54","modified_gmt":"2013-09-27T14:24:54","slug":"celebracao-do-dia-mundial-do-coracao-marcado-por-programacao-festiva","status":"publish","type":"post","link":"https:\/\/www.r2cpress.com.br\/v1\/2013\/09\/27\/celebracao-do-dia-mundial-do-coracao-marcado-por-programacao-festiva\/","title":{"rendered":"Celebra\u00e7\u00e3o do Dia Mundial do Cora\u00e7\u00e3o marcado por programa\u00e7\u00e3o festiva"},"content":{"rendered":"<p>Dia 29 de setembro \u00e9 comemorado o Dia Mundial do Cora\u00e7\u00e3o e a Santa Casa de Miseric\u00f3rdia de Itabuna, atrav\u00e9s do Servi\u00e7o de Cardiologia Intervencionista, celebra a data com a I Caminhada do Cora\u00e7\u00e3o. Agendada para o dia 5 de outubro, o evento promover\u00e1 uma a\u00e7\u00e3o social que contar\u00e1 com uma programa\u00e7\u00e3o completa voltada para preven\u00e7\u00e3o de doen\u00e7as cardiovasculares e sorteios de check ups cardiol\u00f3gicos. Esta a\u00e7\u00e3o social acontecer\u00e1  na Alameda da Juventude, Avenida Beira Rio, entre as 7 e 11 horas. <\/p>\n<p><center>   <a href=\"http:\/\/www.r2cpress.com.br\/v1\/wp-content\/uploads\/Convite-Caminhada-do-Coracao_Itabuna-c\u00f3pia.jpg\"><img loading=\"lazy\" src=\"http:\/\/www.r2cpress.com.br\/v1\/wp-content\/uploads\/Convite-Caminhada-do-Coracao_Itabuna-c\u00f3pia.jpg\" alt=\"Convite - Caminhada do Coracao_Itabuna c\u00f3pia\" width=\"550\" height=\"367\" class=\"aligncenter size-full wp-image-72750\" srcset=\"https:\/\/www.r2cpress.com.br\/v1\/wp-content\/uploads\/Convite-Caminhada-do-Coracao_Itabuna-c\u00f3pia.jpg 550w, https:\/\/www.r2cpress.com.br\/v1\/wp-content\/uploads\/Convite-Caminhada-do-Coracao_Itabuna-c\u00f3pia-300x200.jpg 300w\" sizes=\"(max-width: 550px) 100vw, 550px\" \/><\/a>   <\/center><\/p>\n<p>As doen\u00e7as isqu\u00eamicas do cora\u00e7\u00e3o, como em todo o sistema cardiovascular do corpo humano,  muito diz sobre os h\u00e1bitos de vida e controle dos fatores de risco como hipertens\u00e3o, diabetes, colesterol, obesidade, tabagismo e sedentarismo que est\u00e3o entre os principais vil\u00f5es da progress\u00e3o da doen\u00e7a ateroscler\u00f3tica; respons\u00e1vel por aproximadamente 40% de todas as mortes em nosso pa\u00eds.<\/p>\n<p>Para o m\u00e9dico cardiologista Intervencionista e Hemodinamicista da Santa Casa de Miseric\u00f3rdia de Itabuna, Gl\u00e1ucio Werneck, controlar os fatores de risco sob acompanhamento regular de um m\u00e9dico est\u00e1 entre as importantes a\u00e7\u00f5es para se manter um estilo de vida saud\u00e1vel. \u201c\u00c9 determinante tamb\u00e9m que o indiv\u00edduo mantenha-se fisicamente ativo, tenha controlada sua press\u00e3o artterial, glicemia e n\u00edveis de colesterol. A ado\u00e7\u00e3o de uma dieta saud\u00e1vel  com destaque para a redu\u00e7\u00e3o da ingest\u00e3o de sal, controle de peso e a suspens\u00e3o do tabaco tamb\u00e9m s\u00e3o determinantes\u201d, declarou Dr. Gl\u00e1ucio.<\/p>\n<p><strong>Programa\u00e7\u00e3o<\/strong><br \/>\nDurante a I Caminhada do Cora\u00e7\u00e3o da Santa Casa de Itabuna, al\u00e9m do passeio previsto, uma s\u00e9rie de atividades est\u00e1 agendada para acontecer entre as 7 e 11 horas. Assim, a comunidade presente ter\u00e1 acesso a aulas de alongamento e gin\u00e1stica coletiva, aferi\u00e7\u00e3o da press\u00e3o arterial, massoterapia, sorteio de check ups.  Toda a\u00e7\u00e3o \u00e9 gratuita e aberta ao p\u00fablico. <\/p>\n","protected":false},"excerpt":{"rendered":"<p>Dia 29 de setembro \u00e9 comemorado o Dia Mundial do Cora\u00e7\u00e3o e a Santa Casa de Miseric\u00f3rdia de Itabuna, atrav\u00e9s do Servi\u00e7o de Cardiologia Intervencionista, celebra a data com a I Caminhada do Cora\u00e7\u00e3o. Agendada para o dia 5 de outubro, o evento promover\u00e1 uma a\u00e7\u00e3o social que contar\u00e1 com uma programa\u00e7\u00e3o completa voltada para [&hellip;]<\/p>\n","protected":false},"author":2,"featured_media":0,"comment_status":"open","ping_status":"open","sticky":false,"template":"","format":"standard","meta":{"_links_to":"","_links_to_target":""},"categories":[15],"tags":[],"_links":{"self":[{"href":"https:\/\/www.r2cpress.com.br\/v1\/wp-json\/wp\/v2\/posts\/72749"}],"collection":[{"href":"https:\/\/www.r2cpress.com.br\/v1\/wp-json\/wp\/v2\/posts"}],"about":[{"href":"https:\/\/www.r2cpress.com.br\/v1\/wp-json\/wp\/v2\/types\/post"}],"author":[{"embeddable":true,"href":"https:\/\/www.r2cpress.com.br\/v1\/wp-json\/wp\/v2\/users\/2"}],"replies":[{"embeddable":true,"href":"https:\/\/www.r2cpress.com.br\/v1\/wp-json\/wp\/v2\/comments?post=72749"}],"version-history":[{"count":2,"href":"https:\/\/www.r2cpress.com.br\/v1\/wp-json\/wp\/v2\/posts\/72749\/revisions"}],"predecessor-version":[{"id":72752,"href":"https:\/\/www.r2cpress.com.br\/v1\/wp-json\/wp\/v2\/posts\/72749\/revisions\/72752"}],"wp:attachment":[{"href":"https:\/\/www.r2cpress.com.br\/v1\/wp-json\/wp\/v2\/media?parent=72749"}],"wp:term":[{"taxonomy":"category","embeddable":true,"href":"https:\/\/www.r2cpress.com.br\/v1\/wp-json\/wp\/v2\/categories?post=72749"},{"taxonomy":"post_tag","embeddable":true,"href":"https:\/\/www.r2cpress.com.br\/v1\/wp-json\/wp\/v2\/tags?post=72749"}],"curies":[{"name":"wp","href":"https:\/\/api.w.org\/{rel}","templated":true}]}}