{"id":72761,"date":"2013-09-27T12:07:18","date_gmt":"2013-09-27T15:07:18","guid":{"rendered":"http:\/\/www.r2cpress.com.br\/v1\/?p=72761"},"modified":"2013-09-27T12:07:18","modified_gmt":"2013-09-27T15:07:18","slug":"orgaos-publicos-realizam-operacao-de-combate-a-poluicao-sonora-em-ilheus","status":"publish","type":"post","link":"https:\/\/www.r2cpress.com.br\/v1\/2013\/09\/27\/orgaos-publicos-realizam-operacao-de-combate-a-poluicao-sonora-em-ilheus\/","title":{"rendered":"\u00d3rg\u00e3os p\u00fablicos realizam opera\u00e7\u00e3o de combate \u00e0 polui\u00e7\u00e3o sonora em Ilh\u00e9us"},"content":{"rendered":"<p><em>A Secretaria Municipal de Meio Ambiente e Urbanismo (Sema), a Delegacia de Pol\u00edcia Ambiental (DPA) e a Companhia Independente da Pol\u00edcia Ambiental (CIPA) est\u00e3o atuando em conjunto para garantir o respeito ao volume m\u00e1ximo de som permitido por lei, especialmente dos bares e autom\u00f3veis.   <\/em><\/p>\n<div id=\"attachment_72762\" style=\"width: 610px\" class=\"wp-caption aligncenter\"><a href=\"http:\/\/www.r2cpress.com.br\/v1\/wp-content\/uploads\/Agentes-da-Sema-da-DPA-e-da-CIPA-est\u00e3o-atuando-em-conjunto-para-garantir-o-respeito-a-legisla\u00e7\u00e3o-Foto-Gidelzo-Silva-Secom-Ilh\u00e9us-21.09.13.jpg\"><img aria-describedby=\"caption-attachment-72762\" loading=\"lazy\" src=\"http:\/\/www.r2cpress.com.br\/v1\/wp-content\/uploads\/Agentes-da-Sema-da-DPA-e-da-CIPA-est\u00e3o-atuando-em-conjunto-para-garantir-o-respeito-a-legisla\u00e7\u00e3o-Foto-Gidelzo-Silva-Secom-Ilh\u00e9us-21.09.13.jpg\" alt=\"Agentes da Sema, da DPA e da CIPA est\u00e3o atuando em conjunto para garantir o respeito a legisla\u00e7\u00e3o - Foto Gidelzo Silva (Secom Ilh\u00e9us) 21.09.13.\" width=\"600\" height=\"387\" class=\"size-full wp-image-72762\" srcset=\"https:\/\/www.r2cpress.com.br\/v1\/wp-content\/uploads\/Agentes-da-Sema-da-DPA-e-da-CIPA-est\u00e3o-atuando-em-conjunto-para-garantir-o-respeito-a-legisla\u00e7\u00e3o-Foto-Gidelzo-Silva-Secom-Ilh\u00e9us-21.09.13.jpg 600w, https:\/\/www.r2cpress.com.br\/v1\/wp-content\/uploads\/Agentes-da-Sema-da-DPA-e-da-CIPA-est\u00e3o-atuando-em-conjunto-para-garantir-o-respeito-a-legisla\u00e7\u00e3o-Foto-Gidelzo-Silva-Secom-Ilh\u00e9us-21.09.13-300x193.jpg 300w\" sizes=\"(max-width: 600px) 100vw, 600px\" \/><\/a><p id=\"caption-attachment-72762\" class=\"wp-caption-text\">Agentes da Sema, da DPA e da CIPA est\u00e3o atuando em conjunto para garantir o respeito a legisla\u00e7\u00e3o &#8211; Foto Gidelzo Silva (Secom Ilh\u00e9us) 21.09.13.<\/p><\/div>\n<p>A Secretaria de Meio Ambiente e Urbanismo (Sema) de Ilh\u00e9us, por meio do Setor de Fiscaliza\u00e7\u00e3o Ambiental, vem atuando periodicamente em opera\u00e7\u00f5es de combate \u00e0s diversas formas de polui\u00e7\u00e3o sonora. Realizado em v\u00e1rios pontos da cidade, o trabalho conta com a participa\u00e7\u00e3o de outros \u00f3rg\u00e3os p\u00fablicos do munic\u00edpio, como a Delegacia de Pol\u00edcia Ambiental (DPA) e a Companhia Independente da Pol\u00edcia Ambiental (CIPA).<\/p>\n<p>O chefe da Fiscaliza\u00e7\u00e3o Ambiental da Prefeitura de Ilh\u00e9us, Paulo Fonseca, informa que as opera\u00e7\u00f5es de combate \u00e0 polui\u00e7\u00e3o s\u00e3o realizadas emdiversos pontos da cidade. \u201cN\u00e3o podemos permitir que o excesso  de algumas pessoas tire a paz e a tranquilidade dos ilheenses e dos nossos visitantes\u201d, enfatiza. Paulo Fonseca informa que a legisla\u00e7\u00e3o em vigor estabelece o limite de 40 decib\u00e9is para trechos localizados nas proximidades de hospitais, 45 para resid\u00eancias, 50 para \u00e1reas centrais, 50 para bares e 70 para \u00e1reas abertas.<\/p>\n<p>No \u00faltimo s\u00e1bado, dia 21, de semana uma grande opera\u00e7\u00e3o ambiental foi realizada na cidade para coibir eventuais abusos. Nesta a\u00e7\u00e3o, que se estendeu at\u00e9 a madrugada, n\u00e3o houve o registro de apreens\u00f5es. Mas, de acordo com o chefe da Fiscaliza\u00e7\u00e3o Ambiental, Paulo Fonseca, al\u00e9m dos bares, os sons automotivos seguem sendo os causadores das principais ocorr\u00eancias. \u201cPara aqueles que ultrapassam os limites razo\u00e1veis, n\u00e3o temos outras alternativas que n\u00e3o sejam a notifica\u00e7\u00e3o e, nos casos mais graves, a apreens\u00e3o do aparelho\u201d, diz, salientando, tamb\u00e9m, a promo\u00e7\u00e3o de trabalhos educativos.<\/p>\n<p>Apreens\u00e3o &#8211; Ainda segundo informa\u00e7\u00f5es de Paulo Fonseca, no domingo, dia 22,por volta das 23 horas, investigadores da Delegacia de Prote\u00e7\u00e3o Ambiental (DPA) fizeram a apreens\u00e3o de um sistema de som avaliado em dez mil reais. O equipamento estava instalado em um carro modelo S10. A a\u00e7\u00e3o foi coordenada pelo Delegado de Pol\u00edcia Ambiental, Eduardo Barcelos. No momento da abordagem, o volume do som apreendido encontrava-se na marca dos 110 decib\u00e9is. O condutor do ve\u00edculo foi levado at\u00e9 a DPA para o registro da ocorr\u00eancia e a aparelhagem j\u00e1 est\u00e1 \u00e0 disposi\u00e7\u00e3o da Justi\u00e7a.<\/p>\n<p>&#8212;<br \/>\nSecretaria de Comunica\u00e7\u00e3o Social (Secom)<br \/>\nIlh\u00e9us \u2013 27.09.2013<\/p>\n","protected":false},"excerpt":{"rendered":"<p>A Secretaria Municipal de Meio Ambiente e Urbanismo (Sema), a Delegacia de Pol\u00edcia Ambiental (DPA) e a Companhia Independente da Pol\u00edcia Ambiental (CIPA) est\u00e3o atuando em conjunto para garantir o respeito ao volume m\u00e1ximo de som permitido por lei, especialmente dos bares e autom\u00f3veis. A Secretaria de Meio Ambiente e Urbanismo (Sema) de Ilh\u00e9us, por [&hellip;]<\/p>\n","protected":false},"author":2,"featured_media":0,"comment_status":"open","ping_status":"open","sticky":false,"template":"","format":"standard","meta":{"_links_to":"","_links_to_target":""},"categories":[25],"tags":[],"_links":{"self":[{"href":"https:\/\/www.r2cpress.com.br\/v1\/wp-json\/wp\/v2\/posts\/72761"}],"collection":[{"href":"https:\/\/www.r2cpress.com.br\/v1\/wp-json\/wp\/v2\/posts"}],"about":[{"href":"https:\/\/www.r2cpress.com.br\/v1\/wp-json\/wp\/v2\/types\/post"}],"author":[{"embeddable":true,"href":"https:\/\/www.r2cpress.com.br\/v1\/wp-json\/wp\/v2\/users\/2"}],"replies":[{"embeddable":true,"href":"https:\/\/www.r2cpress.com.br\/v1\/wp-json\/wp\/v2\/comments?post=72761"}],"version-history":[{"count":2,"href":"https:\/\/www.r2cpress.com.br\/v1\/wp-json\/wp\/v2\/posts\/72761\/revisions"}],"predecessor-version":[{"id":72764,"href":"https:\/\/www.r2cpress.com.br\/v1\/wp-json\/wp\/v2\/posts\/72761\/revisions\/72764"}],"wp:attachment":[{"href":"https:\/\/www.r2cpress.com.br\/v1\/wp-json\/wp\/v2\/media?parent=72761"}],"wp:term":[{"taxonomy":"category","embeddable":true,"href":"https:\/\/www.r2cpress.com.br\/v1\/wp-json\/wp\/v2\/categories?post=72761"},{"taxonomy":"post_tag","embeddable":true,"href":"https:\/\/www.r2cpress.com.br\/v1\/wp-json\/wp\/v2\/tags?post=72761"}],"curies":[{"name":"wp","href":"https:\/\/api.w.org\/{rel}","templated":true}]}}