{"id":7278,"date":"2011-01-23T16:08:29","date_gmt":"2011-01-23T19:08:29","guid":{"rendered":"http:\/\/www.r2cpress.com.br\/v1\/?p=7278"},"modified":"2011-01-23T16:08:29","modified_gmt":"2011-01-23T19:08:29","slug":"carta-aberta-a-jornalista-miriam-leitao","status":"publish","type":"post","link":"https:\/\/www.r2cpress.com.br\/v1\/2011\/01\/23\/carta-aberta-a-jornalista-miriam-leitao\/","title":{"rendered":"Carta aberta a Jornalista Miriam Leit\u00e3o"},"content":{"rendered":"<p>Caro Rabat , pe\u00e7o editar em seu site,<br \/>\nSempre agradecendo seu profissionalismo,<br \/>\nGrato,<br \/>\nRCSM.<br \/>\n&#8212;<\/p>\n<p>ter\u00e7a-feira, 18 de janeiro de 2011Papagaio de pirata-(Carta aberta a Miriam Leit\u00e3o)<br \/>\nEditada originalmente em 21\/05\/2010<\/p>\n<p>Carta aberta a Jornalista Miriam Leit\u00e3o<br \/>\n Prezada Jornalista<br \/>\n c\/c  Aposentados e Trabalhadores Brasileiros<\/p>\n<p>Sendo uma conceituada jornalista Global, vimos ontem (20\/05), V.Sa. reiteradamente e ardorosamente defender atrav\u00e9s da imprensa escrita, televisiva e de r\u00e1dios (v\u00e1rias) que o Presidente Lula da Silva deve vetar o fim do Fator Previdenci\u00e1rio e o aumento dos aposentados e que na verdade significa t\u00e3o apenas em aumento real de apenas 1,82% em rela\u00e7\u00e3o ao que o governo j\u00e1 havia assentido. Alega ser um absurdo e uma irresponsabilidade do Congresso brasileiro ter aprovado tais quest\u00f5es. Afirmou peremptoriamente que toda na\u00e7\u00e3o ir\u00e1 pagar por esse absurdo. Cita ainda, e para embasar seu racioc\u00ednio, alguns n\u00fameros absurdos da economia gerada \u00e0 Previd\u00eancia e relacionados \u00e0 pr\u00e1tica do fator previdenci\u00e1rio.<br \/>\nPredisp\u00f5e-se \u00e0 cont\u00ednua cantilena do \u201cd\u00e9ficit\u201d do RGPS; numa discuss\u00e3o vazia e nula de qualquer cr\u00e9dito, transparecendo apenas uma inconsequente conversa de botequim &#8211; sem a \u00e9tica e moralidade m\u00ednima a permear os interesses de 8,4 milh\u00f5es de fam\u00edlias de aposentados e de 41 milh\u00f5es de trabalhadores-contribuintes, e que s\u00e3o na verdade os maiores financiadores do Or\u00e7amento da Seguridade Social desta na\u00e7\u00e3o com mais de 190 milh\u00f5es de habitantes, e que \u201canalistas\u201d como V.Sa. e seus gurus neo-libertinos insistem em colocar na contabilidade a cr\u00e9dito para solu\u00e7\u00e3o do problema de equil\u00edbrio fiscal do governo.  Deve, ou deveria ainda saber, que apesar de a contribui\u00e7\u00e3o ser compuls\u00f3ria \u00e0 Previd\u00eancia que metade da for\u00e7a de trabalho ocupada sequer contribui, mas com isso ningu\u00e9m se preocupa, mesmo sabendo que no futuro todos recorrer\u00e3o inevitavelmente ao RGPS.<\/p>\n<p><!--more--><\/p>\n<p>Em todas suas mat\u00e9rias escritas ou faladas sobre o RGPS, tem demonstrado conhecimento nulo em previd\u00eancia social brasileira e em pior est\u00e2ncia de qualquer outro pa\u00eds do mundo. Ontem, fez quest\u00e3o de comparar o Brasil com a Inglaterra, Dinamarca, Noruega, It\u00e1lia, Fran\u00e7a etc..,pa\u00edses estes onde s\u00e3o fixadas idades m\u00ednimas para a concess\u00e3o de aposentadorias. De fato \u00e9 verdade, por\u00e9m l\u00e1 a idade \u00e9 fixada aos homens \u00e9 de 60 anos, por exemplo, mas a expectativa m\u00e9dia de vida supera 80\/81 anos aqui \u00e9 de 72,4 anos. L\u00e1 a sa\u00fade p\u00fablica \u00e9 gratuita ou no m\u00e1ximo coparticipada. Inclui-se nesta assertiva o atendimento m\u00e9dico hospitalar; odontol\u00f3gico; e medicamentos e onde pessoas com mais de 70 anos nem da coparticipa\u00e7\u00e3o (que j\u00e1 \u00e9 baixa) s\u00e3o cobradas. A t\u00edtulo de exemplo, todos os franceses ao irem a uma consulta m\u00e9dica pagam a taxa simb\u00f3lica de \u20ac1,00; uma mulher gr\u00e1vida paga apenas a primeira consulta. Na It\u00e1lia a coparticipa\u00e7\u00e3o na aquisi\u00e7\u00e3o de medicam<br \/>\n entos \u00e9 limitada a \u20ac36,00\/m\u00eas e a depender do medicamento e a condi\u00e7\u00e3o social do cidad\u00e3o, ou doen\u00e7a \u00e9 totalmente gratuito. Em todos os pa\u00edses da Europa Ocidental estas regras est\u00e3o alinhadas especialmente no tratamento privilegiado aos cidad\u00e3os com mais de 70 anos, e aqui, no Brasil sequer h\u00e1 sa\u00fade p\u00fablica. Al\u00e9m \u201cdestas pequenas diferen\u00e7as\u201d os aposentados que V.Sa. afirma n\u00e3o serem dignos de um irris\u00f3rio aumento de quase 2%, al\u00e9m da infla\u00e7\u00e3o dos doze meses anteriores, perderam metade do valor real de suas aposentadorias se comparadas aos reajustes concedidos ao sal\u00e1rio m\u00ednimo desde setembro de 1.991.<br \/>\nCertos jornalistas em nosso pa\u00eds s\u00e3o patentes \u201cpapagaios de piratas\u201d; mencionam fontes de informa\u00e7\u00f5es tentando cal\u00e7ar suas \u201cmat\u00e9rias\u201d (ou verdadeiros \u201cpress releases\u201d) de aparente fidedignidade daquilo que dizem relatar. Sra. Leit\u00e3o V.Sa. citou o IBGE (?) que calculou que o Fator Previdenci\u00e1rio economizou durante sua exist\u00eancia (?)  R$ 40 bilh\u00f5es (declara\u00e7\u00e3o enf\u00e1tica na TV Globo). &#8211; N\u00e3o \u00e9 preciso ser economista para simplesmente refutar esta informa\u00e7\u00e3o, e que sua emissora de alcance nacional impostou a na\u00e7\u00e3o, basta apenas ser alfabetizado. A pr\u00f3pria Previd\u00eancia Social, divulgou v\u00e1rias vezes; al\u00e9m do relat\u00f3rio do Deputado Pepe Vargas (PT\/RS \u2013 relator na CFT) que a economia gerada pelo fator previdenci\u00e1rio foi de R$ 10 bilh\u00f5es em 10 anos; ou seja, R$ 1 bilh\u00e3o por ano; ou ainda 0,6% dos disp\u00eandios globais do RGPS. Frisam-se, disp\u00eandios totais onde est\u00e3o inclusos os benef\u00edcios assistenciais como LOAS e RMV; al\u00e9m dos Encargos Previdenc<br \/>\n i\u00e1rios da Uni\u00e3o.<br \/>\nAntes de falar da precocidade da aposentadoria do brasileiro, Vsa. foi indagada por uma apresentadora do jornal Global, &#8211; \u201c &#8211; com a queda do fator agora as pessoas poderiam requisitar a aposentadoria com 40 anos de idade\u201d?. Sinceramente nem sei se houve resposta \u00e0 indaga\u00e7\u00e3o t\u00e3o absurda que lhe foi formulada; pois o meu bom senso n\u00e3o me permitiu ouvir.<br \/>\nO fator previdenci\u00e1rio, e como se sabe, leva em conta a expectativa de vida; ou seja, em outras palavras a amplia\u00e7\u00e3o da expectativa de vida de um cidad\u00e3o corresponde a um desembolso por maior tempo do Regime Previdenci\u00e1rio. Este \u201cfen\u00f4meno\u201d acontece em todos os pa\u00edses, mas por aqui se tornou elemento tr\u00e1gico para usurpar os direitos dos trabalhadores de forma mais do que proporcional ao que se possa dar nexo causal ao dito \u201cfen\u00f4meno\u201d. Exemplificando, atualmente nossa popula\u00e7\u00e3o de idosos acima de 60 anos pouco supera 10% do total, nos pa\u00edses citados por V.Sa. tal participa\u00e7\u00e3o situa-se entre 23% (Noruega) a 31% (Alemanha e It\u00e1lia). Nestes pa\u00edses, a possibilidade de um cidad\u00e3o n\u00e3o chegar aos 60 anos de idade varia de 6,3% (Su\u00e9cia) a 7,8% (Inglaterra); enquanto isso no Brasil &#8211; 20,4%. Por l\u00e1 os gastos com sa\u00fade p\u00fablica per capita variam de U$ 2.686 (It\u00e1lia) a US$ 4.763 (Noruega); e no Brasil US$ 367. Tudo isto sem contar a concentra\u00e7\u00e3o de renda; po<br \/>\n sto que o sistema Previdenci\u00e1rio e de Cobertura Social \u2013 de qualquer pa\u00eds &#8211; visa minimizar as discrep\u00e2ncias Nos pa\u00edses sugeridos pela senhora, os 20% da popula\u00e7\u00e3o mais rica concentram: Alemanha 23,7%; It\u00e1lia 36,3%; Su\u00e9cia 34,5%; Fran\u00e7a 40,2%; Inglaterra 43,2%; Noruega 35,3%; Dinamarca 32,6%; e no Brasil os 20% mais ricos det\u00e9m 64,1% da riqueza da na\u00e7\u00e3o e os 10% mais pobres s\u00f3 possuem 0,7%. Enfim a senhora comparou alhos com bugalhos aos quatro cantos do pa\u00eds de forma soberba esbanjando sabedoria intr\u00e9pida jamais vista. Apenas para lhe colocar, o RGPS atua com mais preponder\u00e2ncia sobre 80% da popula\u00e7\u00e3o brasileira; creio que a senhora sabe quantos habitantes isto significa \u2013 talvez mais do que todos os demais pa\u00edses da Am\u00e9rica do Sul juntos. A renda per capita desta parte da popula\u00e7\u00e3o (exclu\u00edda os 20% mais ricos) \u00e9 de aproximadamente US$ 3.600\/ano (Turcomenist\u00e3o). J\u00e1 os mais ricos possuem uma renda per capita de US$ 45.800\/ano (Fran\u00e7a).<br \/>\nSra. Leit\u00e3o, assim como a suas mat\u00e9rias, muitos outros analistas e tamb\u00e9m enganadores da opini\u00e3o p\u00fablica, sequer t\u00eam id\u00e9ia de que o RGPS talvez seja o maior sistema previdenci\u00e1rio com potencial de distribui\u00e7\u00e3o de renda do planeta.  Basta t\u00e3o apenas um simples c\u00e1lculo e ver\u00e1 que se distribuirmos o total gasto pelo RGPS em 2009 \u2013 R$ 225 bilh\u00f5es pelos 150 milh\u00f5es de habitantes a que correspondem estes 80% brasileiros de segunda classe; o RGPS foi respons\u00e1vel, em m\u00e9dia por mais de 55% da renda m\u00e9dia per capita de U$ 3.600\/ano. Obviamente se incluirmos os RPPS, a influ\u00eancia dos Regimes Previdenci\u00e1rios brasileiros seria maior ainda; mas os RPPS s\u00e3o privilegiad\u00edssimos. Ali\u00e1s, t\u00e3o privilegiados que s\u00e3o estranhamente omitidos das suas considera\u00e7\u00f5es \u201csobre d\u00e9ficits\u201d.<br \/>\nEm 2009 o RGPS, em seu subsistema URBANO, registrou saldo previdenci\u00e1rio negativo, de R$ 2,6 bilh\u00f5es \u2013 ou seja, R$ 138\/por segurado\/ano (18,9 milh\u00f5es de segurados). O RURAL (assistencial) registrou saldo previdenci\u00e1rio negativo de R$ 40,3 bilh\u00f5es \u2013 ou seja, R$ 4.950,00 por segurado\/ano (8,1milh\u00f5es de segurados). J\u00e1 o RPPS \u2013 FEDERAL, e que atende apenas 988.000 mil inativos e pensionistas, registrou um D\u00c9FICIT, e a ser coberto pelo Tesouro de R$ 47,0 bilh\u00f5es &#8211; ou seja, R$ 45.570\/ex- servidor\/ ano. O que equivale a 3,3 vezes a renda per capita brasileira. Sra. Leit\u00e3o, a guisa de seu interesse, e na busca de outros gastos, e que como declarou ironicamente na R\u00e1dio CBN: \u201cn\u00f3s \u00e9 que pagamos por esses absurdos\u201d(referia-se a sociedade como um todo), &#8211; saiba que no Brasil coexistem 992 RRPS  (servidores p\u00fablicos) al\u00e9m do federal; e sem as agruras do fator, sem a angustia de reajustes, pois a eles concorre a benesse de equipara\u00e7\u00e3o com os colegas da ativa. Int<br \/>\n eressante, pois isto s\u00f3 existe no Brasil e nunca vi um cr\u00edtico ao RGPS registrar isto na TV ou na m\u00eddia. Isto n\u00e3o d\u00e1 audi\u00eancia?<br \/>\n\u00c9 uma sandice afirmar, e com fez V.Sa que a sociedade vai pagar pelo que o Congresso decidiu na medida 475. N\u00f3s j\u00e1 pagamos; ali\u00e1s, paga-se todos os dias, pois nem mesmo uma jornalista Global pode ignorar o que existe na Constitui\u00e7\u00e3o &#8211; Or\u00e7amento da Seguridade Social, e onde se configura o financiamento tripartite:- empregados; empregadores, e contribui\u00e7\u00f5es espec\u00edficas (CSSL e COFINS). Estas \u00faltimas garantem, e com sobras, o super\u00e1vit da cobertura social do Regime brasileiro. Tantos outros quanto a senhora desdenham a Constitui\u00e7\u00e3o e acham e noticiam desinformando a na\u00e7\u00e3o, que usar recursos destas fontes para a Previd\u00eancia \u00e9 usurpar o Tesouro ou at\u00e9 irresponsabilidade do Congresso.<br \/>\nSenhora, irresponsabilidade social e c\u00edvica \u00e9 permitir calado e sem se contrapor \u00e0queles que a guisa de interesses contr\u00e1rios \u00e0 Cobertura Social criaram uma legisla\u00e7\u00e3o secund\u00e1ria que permite um \u201cdesvio legal\u201d de 20% destas contribui\u00e7\u00f5es que se destinavam diretamente \u00e0 Previd\u00eancia (DRU); irresponsabilidade moral \u00e9 saber que o atual governo tem retirado al\u00e9m do que a DRU permite (os citados 20%) para utilizar em outros Minist\u00e9rios e at\u00e9 para pagamento da D\u00edvida P\u00fablica. Sra. Leit\u00e3o estamos falando de centenas de bilh\u00f5es; e muito maior imoralidade ou at\u00e9 falta de vergonha \u00e9 dar isen\u00e7\u00e3o previdenci\u00e1ria, e que est\u00e1 prevista em 2010 pela SEPLAN, em mais de R$ 20 bilh\u00f5es, e saber que nessa farra inclui-se at\u00e9 times de futebol profissionais. Incompet\u00eancia declarada \u00e9 de quem administra o sistema previdenci\u00e1rio, e coloca em seus relat\u00f3rios que existe uma sonega\u00e7\u00e3o vis\u00edvel prevista de R$ 40 bilh\u00f5es para este ano. E quanto ser\u00e1 a sonega\u00e7\u00e3o invis<br \/>\n \u00edvel? E depois alega que o Regime n\u00e3o pode gastar mais R$ 1,8 bilh\u00e3o ao ano para concess\u00f5es como o Congresso aprovou.<br \/>\nDesta forma, e com estes desvios, chamam aquilo que \u00e9 o resultado operacional ou saldo previdenci\u00e1rio de d\u00e9ficit como sendo um resultado derradeiro. Transmite-se assim para a na\u00e7\u00e3o que a Previd\u00eancia est\u00e1 falida.<br \/>\nEm suma, uma especial e proposital distor\u00e7\u00e3o que serve de pano de fundo para que o governo possa retirar recursos do Or\u00e7amento da Seguridade para outras dota\u00e7\u00f5es (inconstitucional), e que cada vez mais me conven\u00e7o que isto se trata de um profundo e obscuro jogo de interesses de poderosos contra os direitos da na\u00e7\u00e3o que destoam de discursos dos populistas, pois s\u00e3o atos orquestrados em desprover o or\u00e7amento da seguridade social em desvios para outras rubricas do or\u00e7amento da Uni\u00e3o, e at\u00e9 para pagamento da d\u00edvida p\u00fablica conforme j\u00e1 comprovado. Neste contexto, e pr\u00f3prio de algo bem planejado e que j\u00e1 assistimos no in\u00edcio dos anos 90, com c\u00e2nticos da recupera\u00e7\u00e3o econ\u00f4mica enquanto se desferia um aut\u00eantico golpe contra a economia popular no sequestro das poupan\u00e7as das fam\u00edlias, e no embalo p\u00fablico contra as benesses dos servidores nomeando a todos de \u201cmaraj\u00e1s\u201d, e assim se assistiu com complac\u00eancia a desestrutura\u00e7\u00e3o de \u00e1reas fiscalizat\u00f3rias al\u00c3<br \/>\n \u00a9m de abrir caminho a toda sorte de oportunistas e a corrup\u00e7\u00e3o altamente organizada e desenfreada.<br \/>\nNaquela ocasi\u00e3o a dar sustento para eleger a corja que se instalou no Poder, n\u00e3o se dispensou o poder colaborativo da m\u00eddia; assim como quando ela retirou seu sustento, a camarilha caiu. Nada difere do atual momento, passaram-se vinte anos e muitos dos atores s\u00e3o os mesmos, mas ocupando personagens interpretados por outros. E quem, como naquela \u00e9poca, e ainda hoje desinforma, e\/ou veicula falsas ou meias verdades e com fingida e soberba assertividade neste caso do RGPS n\u00e3o passa de lesa p\u00e1tria, e que no caso da cobertura social solapa os interesses dos mais humildes ou no m\u00ednimo de quem contribuiu para a Previd\u00eancia Social por mais de tr\u00eas ou quatro d\u00e9cadas, e que n\u00e3o merece ouvir bobagens como comparar a realidade brasileira com a de pa\u00edses do primeiro mundo.<br \/>\nSENHORA Leit\u00e3o aqui no meu pa\u00eds \u00e9 que eu pago meus impostos e a minha Previd\u00eancia, aqui quero meus direitos. Tem sorte V.Sa. em estar no Brasil do que nos pa\u00edses que citou, pois na It\u00e1lia, na Fran\u00e7a, Inglaterra e por muito menos do que V.Sa. \u201cchutou em suas mat\u00e9rias\u201d provavelmente haveria um grande movimento de protesto na porta da emissora que lhe emprega.<br \/>\nEvidentemente n\u00e3o farei compara\u00e7\u00f5es generalizadas e absurdas da classe jornal\u00edstica brasileira para com outros pa\u00edses, e isto em qualquer sentido, pois aqui certamente h\u00e1 excelentes e condignos profissionais cientes da import\u00e2ncia de seus of\u00edcios, e n\u00e3o papagaios de piratas ou locutores de press releases travestidos de jornalistas a servi\u00e7o do corporativismo.<br \/>\nOswaldo Colombo Filho<br \/>\n          Economista<\/p>\n","protected":false},"excerpt":{"rendered":"<p>Caro Rabat , pe\u00e7o editar em seu site, Sempre agradecendo seu profissionalismo, Grato, RCSM. &#8212; ter\u00e7a-feira, 18 de janeiro de 2011Papagaio de pirata-(Carta aberta a Miriam Leit\u00e3o) Editada originalmente em 21\/05\/2010 Carta aberta a Jornalista Miriam Leit\u00e3o Prezada Jornalista c\/c Aposentados e Trabalhadores Brasileiros Sendo uma conceituada jornalista Global, vimos ontem (20\/05), V.Sa. reiteradamente e [&hellip;]<\/p>\n","protected":false},"author":2,"featured_media":0,"comment_status":"open","ping_status":"open","sticky":false,"template":"","format":"standard","meta":{"_links_to":"","_links_to_target":""},"categories":[10],"tags":[],"_links":{"self":[{"href":"https:\/\/www.r2cpress.com.br\/v1\/wp-json\/wp\/v2\/posts\/7278"}],"collection":[{"href":"https:\/\/www.r2cpress.com.br\/v1\/wp-json\/wp\/v2\/posts"}],"about":[{"href":"https:\/\/www.r2cpress.com.br\/v1\/wp-json\/wp\/v2\/types\/post"}],"author":[{"embeddable":true,"href":"https:\/\/www.r2cpress.com.br\/v1\/wp-json\/wp\/v2\/users\/2"}],"replies":[{"embeddable":true,"href":"https:\/\/www.r2cpress.com.br\/v1\/wp-json\/wp\/v2\/comments?post=7278"}],"version-history":[{"count":3,"href":"https:\/\/www.r2cpress.com.br\/v1\/wp-json\/wp\/v2\/posts\/7278\/revisions"}],"predecessor-version":[{"id":7281,"href":"https:\/\/www.r2cpress.com.br\/v1\/wp-json\/wp\/v2\/posts\/7278\/revisions\/7281"}],"wp:attachment":[{"href":"https:\/\/www.r2cpress.com.br\/v1\/wp-json\/wp\/v2\/media?parent=7278"}],"wp:term":[{"taxonomy":"category","embeddable":true,"href":"https:\/\/www.r2cpress.com.br\/v1\/wp-json\/wp\/v2\/categories?post=7278"},{"taxonomy":"post_tag","embeddable":true,"href":"https:\/\/www.r2cpress.com.br\/v1\/wp-json\/wp\/v2\/tags?post=7278"}],"curies":[{"name":"wp","href":"https:\/\/api.w.org\/{rel}","templated":true}]}}