{"id":72788,"date":"2013-09-27T15:14:31","date_gmt":"2013-09-27T18:14:31","guid":{"rendered":"http:\/\/www.r2cpress.com.br\/v1\/?p=72788"},"modified":"2013-09-27T15:14:31","modified_gmt":"2013-09-27T18:14:31","slug":"projeto-pescando-o-futuro-promove-acoes-sociais-para-pescadores-marisqueiras-e-caranguejeiros","status":"publish","type":"post","link":"https:\/\/www.r2cpress.com.br\/v1\/2013\/09\/27\/projeto-pescando-o-futuro-promove-acoes-sociais-para-pescadores-marisqueiras-e-caranguejeiros\/","title":{"rendered":"Projeto \u2018Pescando o Futuro\u2019 promove a\u00e7\u00f5es sociais para pescadores, marisqueiras e caranguejeiros"},"content":{"rendered":"<p><em>As atividades v\u00e3o ocorrer no dia 11 de outubro, no Terminal Pesqueiro P\u00fablico de Ilh\u00e9us, e incluem oficinas, servi\u00e7os de sa\u00fade, educa\u00e7\u00e3o, lazer, cidadania, emprego e renda, treinamentos e financiamentos.<\/em><\/p>\n<p>Pescadores, marisqueiras, caranguejeiros e familiares participar\u00e3o no pr\u00f3ximo, dia 11 de outubro, de uma s\u00e9rie de atividades sociais, que incluem oficinas, servi\u00e7os de sa\u00fade, educa\u00e7\u00e3o, lazer, cidadania, emprego e renda, treinamentos e financiamentos. A a\u00e7\u00e3o faz parte do projeto \u2018Pecando o Futuro\u2019 e vai ocorrer no Terminal Pesqueiro P\u00fablico de Ilh\u00e9us, durante todo o dia.<\/p>\n<p>O projeto \u00e9 uma promo\u00e7\u00e3o da Prefeitura de Ilh\u00e9us em parceria com a Bahia Pesca. As secretarias de Agricultura e Pesca (Seap),Sa\u00fade (Sesau), Desenvolvimento Social (SDS),de Educa\u00e7\u00e3o (Seduc) e Cultura (Secult) reunir\u00e3o seus servi\u00e7os para atender \u00e0 classe. A expectativa \u00e9 que sejam realizados cerca de dois mil atendimentos.<\/p>\n<p>Na a\u00e7\u00e3o, est\u00e3o previstas as participa\u00e7\u00f5es do Superintendente Federal da Pesca e Aquicultura na Bahia, Marcos Rocha, e do Diretor Presidente da Bahia Pesca, C\u00e1ssio Ramos Peixoto.<\/p>\n<p> <center>   <div id=\"attachment_72790\" style=\"width: 610px\" class=\"wp-caption aligncenter\"><a href=\"http:\/\/www.r2cpress.com.br\/v1\/wp-content\/uploads\/Pescando-o-Futuro-Foto-Divulga\u00e7\u00e3o.jpg\"><img aria-describedby=\"caption-attachment-72790\" loading=\"lazy\" src=\"http:\/\/www.r2cpress.com.br\/v1\/wp-content\/uploads\/Pescando-o-Futuro-Foto-Divulga\u00e7\u00e3o.jpg\" alt=\"Pescando o Futuro - Foto Divulga\u00e7\u00e3o.\" width=\"600\" height=\"849\" class=\"size-full wp-image-72790\" srcset=\"https:\/\/www.r2cpress.com.br\/v1\/wp-content\/uploads\/Pescando-o-Futuro-Foto-Divulga\u00e7\u00e3o.jpg 600w, https:\/\/www.r2cpress.com.br\/v1\/wp-content\/uploads\/Pescando-o-Futuro-Foto-Divulga\u00e7\u00e3o-212x300.jpg 212w\" sizes=\"(max-width: 600px) 100vw, 600px\" \/><\/a><p id=\"caption-attachment-72790\" class=\"wp-caption-text\">Pescando o Futuro &#8211; Foto Divulga\u00e7\u00e3o.<\/p><\/div>  <\/center><br \/>\n&#8212;<br \/>\nSecretaria de Comunica\u00e7\u00e3o Social (Secom)<br \/>\nIlh\u00e9us \u2013 27.09.2013<\/p>\n","protected":false},"excerpt":{"rendered":"<p>As atividades v\u00e3o ocorrer no dia 11 de outubro, no Terminal Pesqueiro P\u00fablico de Ilh\u00e9us, e incluem oficinas, servi\u00e7os de sa\u00fade, educa\u00e7\u00e3o, lazer, cidadania, emprego e renda, treinamentos e financiamentos. Pescadores, marisqueiras, caranguejeiros e familiares participar\u00e3o no pr\u00f3ximo, dia 11 de outubro, de uma s\u00e9rie de atividades sociais, que incluem oficinas, servi\u00e7os de sa\u00fade, educa\u00e7\u00e3o, [&hellip;]<\/p>\n","protected":false},"author":2,"featured_media":0,"comment_status":"open","ping_status":"open","sticky":false,"template":"","format":"standard","meta":{"_links_to":"","_links_to_target":""},"categories":[23],"tags":[],"_links":{"self":[{"href":"https:\/\/www.r2cpress.com.br\/v1\/wp-json\/wp\/v2\/posts\/72788"}],"collection":[{"href":"https:\/\/www.r2cpress.com.br\/v1\/wp-json\/wp\/v2\/posts"}],"about":[{"href":"https:\/\/www.r2cpress.com.br\/v1\/wp-json\/wp\/v2\/types\/post"}],"author":[{"embeddable":true,"href":"https:\/\/www.r2cpress.com.br\/v1\/wp-json\/wp\/v2\/users\/2"}],"replies":[{"embeddable":true,"href":"https:\/\/www.r2cpress.com.br\/v1\/wp-json\/wp\/v2\/comments?post=72788"}],"version-history":[{"count":3,"href":"https:\/\/www.r2cpress.com.br\/v1\/wp-json\/wp\/v2\/posts\/72788\/revisions"}],"predecessor-version":[{"id":72792,"href":"https:\/\/www.r2cpress.com.br\/v1\/wp-json\/wp\/v2\/posts\/72788\/revisions\/72792"}],"wp:attachment":[{"href":"https:\/\/www.r2cpress.com.br\/v1\/wp-json\/wp\/v2\/media?parent=72788"}],"wp:term":[{"taxonomy":"category","embeddable":true,"href":"https:\/\/www.r2cpress.com.br\/v1\/wp-json\/wp\/v2\/categories?post=72788"},{"taxonomy":"post_tag","embeddable":true,"href":"https:\/\/www.r2cpress.com.br\/v1\/wp-json\/wp\/v2\/tags?post=72788"}],"curies":[{"name":"wp","href":"https:\/\/api.w.org\/{rel}","templated":true}]}}