{"id":72818,"date":"2013-09-27T20:10:53","date_gmt":"2013-09-27T23:10:53","guid":{"rendered":"http:\/\/www.r2cpress.com.br\/v1\/?p=72818"},"modified":"2013-09-27T20:10:53","modified_gmt":"2013-09-27T23:10:53","slug":"nem-tudo-sao-flores","status":"publish","type":"post","link":"https:\/\/www.r2cpress.com.br\/v1\/2013\/09\/27\/nem-tudo-sao-flores\/","title":{"rendered":"NEM TUDO S\u00c3O FLORES"},"content":{"rendered":"<p><img loading=\"lazy\" class=\"alignright\" alt=\"\" src=\"http:\/\/www.r2cpress.com.br\/v1\/wp-content\/uploads\/zecarlos-r2cpress_reduzida.jpg\" width=\"300\" height=\"207\" \/>Cada esta\u00e7\u00e3o em seu tempo, enfim a primavera, com suas flores, encantos, sol e esperan\u00e7a, preparando a chegada do ver\u00e3o.<\/p>\n<p>Citando o ver\u00e3o a temporada est\u00e1 pr\u00f3xima, acompanhada de muita alegria, calor do sol e humano, vida plena, festas e praia, claro que n\u00e3o existe coisa melhor na vida.<\/p>\n<p>E o que espera o povo ilheense com as mudan\u00e7as do tempo?<\/p>\n<p>Os alunos est\u00e3o com o ano letivo prejudicado, os necessitados de atendimento m\u00e9dico n\u00e3o est\u00e3o suportando a dor, o servi\u00e7o de limpeza deixa a desejar, o tr\u00e2nsito embolado, os empres\u00e1rios do com\u00e9rcio chiando com a queda das vendas, a temporada de ver\u00e3o sem perspectivas, o teatro fechado, enfim, embolou o meio de campo e o barco est\u00e1 \u00e0 deriva e que n\u00e3o passe da boca da barra, para que n\u00e3o tenhamos mais um grave acidente.<\/p>\n<p>Pelo que se v\u00ea a esperan\u00e7a em dias melhores est\u00e1 dif\u00edcil, o poder p\u00fablico se meteu numa sinuca de bico e est\u00e1 entalado at\u00e9 o talo, sem saber como reagir ao impasse e como conversar com os sindicatos sobre esta intermin\u00e1vel e prejudicial greve.<\/p>\n<p><!--more--><\/p>\n<p>O apelo do alcaide pela forma\u00e7\u00e3o do tal pacto social parece que n\u00e3o alcan\u00e7ou os adeptos necess\u00e1rios, o jeito foi apelar para a igreja com o pensamento de que as ora\u00e7\u00f5es e promessas dos fi\u00e9is seriam suficientes para resolver a pendenga.<\/p>\n<p>Os empres\u00e1rios do com\u00e9rcio come\u00e7aram a reclamar, pois as vendas ca\u00edram e para melar anda mais o que est\u00e1 fedendo, veio a greve dos banc\u00e1rios, a\u00ed o ciclo fechou, o que j\u00e1 era ruim, piorou.<\/p>\n<p>Sem sacanagem e nem querendo ser agourento, infelizmente est\u00e1 chegando ao fim o primeiro ano de mandato do nosso alcaide e n\u00e3o se tem nada a comemorar, apenas problemas e mais problemas, nunca uma assessoria de imprensa ficou t\u00e3o sem not\u00edcias pra divulgar.<\/p>\n<p>Mas a temporada de ver\u00e3o \u00e9 plena de vida e alegria, com a prefeitura ou sem a prefeitura o povo faz a festa de qualquer maneira.<\/p>\n<p>Devemos sim festejar a vida, levar os problemas com a barriga e aguardar o novo mandato que come\u00e7a em mar\u00e7o de 2014.<\/p>\n<p>Desejo que o nosso alcaide fa\u00e7a uma profunda reflex\u00e3o desse tempo dif\u00edcil e que ele nunca imaginava que fosse t\u00e3o azedo assim, e projete novas metas para o in\u00edcio do segundo ano de sua gest\u00e3o.<\/p>\n<p>Como dizem meus irm\u00e3os separados, s\u00f3 o Senhor salva, mas, pelo andar da carruagem, nem a diocese salva.<\/p>\n<p><b>Z\u00c9CARLOS JUNIOR<\/b><\/p>\n","protected":false},"excerpt":{"rendered":"<p>Cada esta\u00e7\u00e3o em seu tempo, enfim a primavera, com suas flores, encantos, sol e esperan\u00e7a, preparando a chegada do ver\u00e3o. Citando o ver\u00e3o a temporada est\u00e1 pr\u00f3xima, acompanhada de muita alegria, calor do sol e humano, vida plena, festas e praia, claro que n\u00e3o existe coisa melhor na vida. E o que espera o povo [&hellip;]<\/p>\n","protected":false},"author":2,"featured_media":0,"comment_status":"open","ping_status":"open","sticky":false,"template":"","format":"standard","meta":{"_links_to":"","_links_to_target":""},"categories":[10],"tags":[],"_links":{"self":[{"href":"https:\/\/www.r2cpress.com.br\/v1\/wp-json\/wp\/v2\/posts\/72818"}],"collection":[{"href":"https:\/\/www.r2cpress.com.br\/v1\/wp-json\/wp\/v2\/posts"}],"about":[{"href":"https:\/\/www.r2cpress.com.br\/v1\/wp-json\/wp\/v2\/types\/post"}],"author":[{"embeddable":true,"href":"https:\/\/www.r2cpress.com.br\/v1\/wp-json\/wp\/v2\/users\/2"}],"replies":[{"embeddable":true,"href":"https:\/\/www.r2cpress.com.br\/v1\/wp-json\/wp\/v2\/comments?post=72818"}],"version-history":[{"count":4,"href":"https:\/\/www.r2cpress.com.br\/v1\/wp-json\/wp\/v2\/posts\/72818\/revisions"}],"predecessor-version":[{"id":72822,"href":"https:\/\/www.r2cpress.com.br\/v1\/wp-json\/wp\/v2\/posts\/72818\/revisions\/72822"}],"wp:attachment":[{"href":"https:\/\/www.r2cpress.com.br\/v1\/wp-json\/wp\/v2\/media?parent=72818"}],"wp:term":[{"taxonomy":"category","embeddable":true,"href":"https:\/\/www.r2cpress.com.br\/v1\/wp-json\/wp\/v2\/categories?post=72818"},{"taxonomy":"post_tag","embeddable":true,"href":"https:\/\/www.r2cpress.com.br\/v1\/wp-json\/wp\/v2\/tags?post=72818"}],"curies":[{"name":"wp","href":"https:\/\/api.w.org\/{rel}","templated":true}]}}