{"id":72836,"date":"2013-09-28T07:28:19","date_gmt":"2013-09-28T10:28:19","guid":{"rendered":"http:\/\/www.r2cpress.com.br\/v1\/?p=72836"},"modified":"2013-09-28T07:28:19","modified_gmt":"2013-09-28T10:28:19","slug":"informativo-vereador-cosme-araujo","status":"publish","type":"post","link":"https:\/\/www.r2cpress.com.br\/v1\/2013\/09\/28\/informativo-vereador-cosme-araujo\/","title":{"rendered":"Informativo Vereador Cosme Ara\u00fajo"},"content":{"rendered":"<p align=\"center\"><strong>C\u00e2mara Municipal de Ilh\u00e9us <\/strong><\/p>\n<p align=\"center\"><strong>Poder legislativo<\/strong><\/p>\n<p align=\"center\"><strong>GABINETE DO VEREADOR COSME ARA\u00daJO &#8211; PDT<\/strong><\/p>\n<p align=\"center\"><strong>\u00a0AGENDA ITINERANTE DO VEREADOR COSME ARA\u00daJO, neste final de semana: <\/strong><\/p>\n<p align=\"center\"><strong>28 e 29\/09\/2013. <\/strong><\/p>\n<p><strong>28\/09 &#8211; s\u00e1bado<\/strong><\/p>\n<p>&gt;09h visita a comunidade e encontro com lideran\u00e7as locais do Bairro do Pontal;<\/p>\n<p>&gt;11h visita a comunidade de Coutos;<\/p>\n<p>&gt;13h, Almo\u00e7o com vereadores Buerarema, na cidade de Itabuna;<\/p>\n<p>&gt;17h, Reuni\u00e3o com colaboradores e assessores parlamentar;<\/p>\n<p><strong>29\/09 &#8211; domingo<\/strong><\/p>\n<p>&gt;07h participa de reuni\u00e3o com moradores do povoado do Novo Ilh\u00e9us;<\/p>\n<p>&gt;10h, grava programa para <i>R\u00e1dio<\/i> <i>On Line<\/i>, da cidade de Vit\u00f3ria da Conquista;<\/p>\n<p>*A partir do meio participa de eventos festivos no Bairro do S\u00e3o Miguel e Ponta do Ramo.<\/p>\n<p>&#8212;<\/p>\n<p><strong>Assessoria.<\/strong><\/p>\n","protected":false},"excerpt":{"rendered":"<p>C\u00e2mara Municipal de Ilh\u00e9us Poder legislativo GABINETE DO VEREADOR COSME ARA\u00daJO &#8211; PDT \u00a0AGENDA ITINERANTE DO VEREADOR COSME ARA\u00daJO, neste final de semana: 28 e 29\/09\/2013. 28\/09 &#8211; s\u00e1bado &gt;09h visita a comunidade e encontro com lideran\u00e7as locais do Bairro do Pontal; &gt;11h visita a comunidade de Coutos; &gt;13h, Almo\u00e7o com vereadores Buerarema, na cidade [&hellip;]<\/p>\n","protected":false},"author":2,"featured_media":0,"comment_status":"open","ping_status":"open","sticky":false,"template":"","format":"standard","meta":{"_links_to":"","_links_to_target":""},"categories":[22],"tags":[],"_links":{"self":[{"href":"https:\/\/www.r2cpress.com.br\/v1\/wp-json\/wp\/v2\/posts\/72836"}],"collection":[{"href":"https:\/\/www.r2cpress.com.br\/v1\/wp-json\/wp\/v2\/posts"}],"about":[{"href":"https:\/\/www.r2cpress.com.br\/v1\/wp-json\/wp\/v2\/types\/post"}],"author":[{"embeddable":true,"href":"https:\/\/www.r2cpress.com.br\/v1\/wp-json\/wp\/v2\/users\/2"}],"replies":[{"embeddable":true,"href":"https:\/\/www.r2cpress.com.br\/v1\/wp-json\/wp\/v2\/comments?post=72836"}],"version-history":[{"count":3,"href":"https:\/\/www.r2cpress.com.br\/v1\/wp-json\/wp\/v2\/posts\/72836\/revisions"}],"predecessor-version":[{"id":72839,"href":"https:\/\/www.r2cpress.com.br\/v1\/wp-json\/wp\/v2\/posts\/72836\/revisions\/72839"}],"wp:attachment":[{"href":"https:\/\/www.r2cpress.com.br\/v1\/wp-json\/wp\/v2\/media?parent=72836"}],"wp:term":[{"taxonomy":"category","embeddable":true,"href":"https:\/\/www.r2cpress.com.br\/v1\/wp-json\/wp\/v2\/categories?post=72836"},{"taxonomy":"post_tag","embeddable":true,"href":"https:\/\/www.r2cpress.com.br\/v1\/wp-json\/wp\/v2\/tags?post=72836"}],"curies":[{"name":"wp","href":"https:\/\/api.w.org\/{rel}","templated":true}]}}