{"id":72840,"date":"2013-09-28T07:33:27","date_gmt":"2013-09-28T10:33:27","guid":{"rendered":"http:\/\/www.r2cpress.com.br\/v1\/?p=72840"},"modified":"2013-09-28T07:33:27","modified_gmt":"2013-09-28T10:33:27","slug":"triduo-e-celebracao-festiva-em-louvor-ao-padroeiro-do-abrigo-sao-vicente-de-paulo-na-diocese-de-ilheus","status":"publish","type":"post","link":"https:\/\/www.r2cpress.com.br\/v1\/2013\/09\/28\/triduo-e-celebracao-festiva-em-louvor-ao-padroeiro-do-abrigo-sao-vicente-de-paulo-na-diocese-de-ilheus\/","title":{"rendered":"Tr\u00edduo e Celebra\u00e7\u00e3o Festiva em Louvor ao Padroeiro do Abrigo S\u00e3o Vicente de Paulo na Diocese de Ilh\u00e9us."},"content":{"rendered":"<p class=\"size-full wp-image-72841\">Come\u00e7ou nesta ter\u00e7a-feira,24, e foi at\u00e9 quinta dia 26 de setembro \u00e0s 19h00 na Capela da\u00a0Comunidade do Abrigo S\u00e3o Vicente de Paulo &#8211; Par\u00f3quia Santa Rita de C\u00e1ssia.\u00a0o Tr\u00edduo em Louvor ao Glorioso S\u00e3o Vicente de Paulo. Nesta noite o nosso Mensageiro foi o Padre Marcio Luciano.<\/p>\n<p><a href=\"http:\/\/www.r2cpress.com.br\/v1\/wp-content\/uploads\/s\u00e3o-vicente-de-paulo-abrigo-_dia.jpg\"><img loading=\"lazy\" title=\"Abrigo\" alt=\"Abrigo\" src=\"http:\/\/www.r2cpress.com.br\/v1\/wp-content\/uploads\/s\u00e3o-vicente-de-paulo-abrigo-_dia.jpg\" width=\"550\" height=\"413\" \/><\/a><\/p>\n<p>J\u00e1 na II noite Mensageiro foi o Padre e Administrador Paroquial o Padre Antonio Marcos Batista. Tivemos ainda o Momento de Louvor e Adora\u00e7\u00e3o ao Sant\u00edssimo Sacramento.<\/p>\n<p>Encerramos nesta quinta-feira,26\/09 19h00 na Capela da Comunidade do Abrigo S\u00e3o Vicente de Paulo &#8211; Par\u00f3quia Santa Rita de C\u00e1ssia. o Tr\u00edduo de Prepara\u00e7\u00e3o das Festividades em Louvor ao Glorioso S\u00e3o Vicente de Paulo. Nesta noite o nosso Mensageiro foi o Padre\u00a0Aldemiro Senna. Tivemos nesta noite tamb\u00e9m o Momento de Louvor e Adora\u00e7\u00e3o ao Sant\u00edssimo Sacramento. A festa teve como tema:\u00a0<strong><i>Diocese de Ilh\u00e9us, Cem Anos de Hist\u00f3ria a Luz da F\u00e9\u00a0no Deus Uno e Trino \u00a0<\/i><\/strong><\/p>\n<p>Com a Presid\u00eancia do Bispo Diocesano Dom Mauro Montagnoli e tendo como Concelebrantes os Padres: Marcio Luciano e Joaquim Concei\u00e7\u00e3o, al\u00e9m da presen\u00e7a dos Coroinhas, Ministros da Palavra e da Eucaristia e um grande n\u00famero de Fi\u00e9is, deu-se in\u00edcio nesta sexta-feira, 27\/09, \u00e0s 19h00 na Comunidade do Abrigo S\u00e3o Vicente de Paulo &#8211; Par\u00f3quia Santa a Celebra\u00e7\u00e3o Festiva em Louvor ao Padroeiro.<\/p>\n<p>Na sua Hom\u00edlia o Bispo Diocesano relembrou um pouco da vida deste santo que aos 19 anos de idade j\u00e1 era Sacerdote e conheceu muito cedo o significado de sofrer por causa do Reino de Deus.<\/p>\n<p>Ao final foram feitos os devidos agradecimentos pela presen\u00e7a de todos durante estes quatro dias de Festa\u00a0 em. seguida cantamos o Hino Louvor ao Glorioso S\u00e3o Vicente de Paulo.<\/p>\n<p>Dom Mauro deu-nos a ben\u00e7\u00e3o e esperamos a presen\u00e7a de todos no pr\u00f3ximo ano para mais um grande momento de louvor a este defensor dos mais necessitados. Que S\u00e3o Vicente continue intercedendo a Deus por todos n\u00f3s.e VIIIIIIIIIIIIIIIIIIIIIIIIIIIIIIIIIIIIIVA S\u00c3O VICENTE DE PAULO&#8230;.<\/p>\n<p align=\"right\"><strong><i>Por Paulo Costa<\/i><\/strong><\/p>\n","protected":false},"excerpt":{"rendered":"<p>Come\u00e7ou nesta ter\u00e7a-feira,24, e foi at\u00e9 quinta dia 26 de setembro \u00e0s 19h00 na Capela da\u00a0Comunidade do Abrigo S\u00e3o Vicente de Paulo &#8211; Par\u00f3quia Santa Rita de C\u00e1ssia.\u00a0o Tr\u00edduo em Louvor ao Glorioso S\u00e3o Vicente de Paulo. Nesta noite o nosso Mensageiro foi o Padre Marcio Luciano. J\u00e1 na II noite Mensageiro foi o Padre [&hellip;]<\/p>\n","protected":false},"author":2,"featured_media":0,"comment_status":"open","ping_status":"open","sticky":false,"template":"","format":"standard","meta":{"_links_to":"","_links_to_target":""},"categories":[28],"tags":[],"_links":{"self":[{"href":"https:\/\/www.r2cpress.com.br\/v1\/wp-json\/wp\/v2\/posts\/72840"}],"collection":[{"href":"https:\/\/www.r2cpress.com.br\/v1\/wp-json\/wp\/v2\/posts"}],"about":[{"href":"https:\/\/www.r2cpress.com.br\/v1\/wp-json\/wp\/v2\/types\/post"}],"author":[{"embeddable":true,"href":"https:\/\/www.r2cpress.com.br\/v1\/wp-json\/wp\/v2\/users\/2"}],"replies":[{"embeddable":true,"href":"https:\/\/www.r2cpress.com.br\/v1\/wp-json\/wp\/v2\/comments?post=72840"}],"version-history":[{"count":4,"href":"https:\/\/www.r2cpress.com.br\/v1\/wp-json\/wp\/v2\/posts\/72840\/revisions"}],"predecessor-version":[{"id":72845,"href":"https:\/\/www.r2cpress.com.br\/v1\/wp-json\/wp\/v2\/posts\/72840\/revisions\/72845"}],"wp:attachment":[{"href":"https:\/\/www.r2cpress.com.br\/v1\/wp-json\/wp\/v2\/media?parent=72840"}],"wp:term":[{"taxonomy":"category","embeddable":true,"href":"https:\/\/www.r2cpress.com.br\/v1\/wp-json\/wp\/v2\/categories?post=72840"},{"taxonomy":"post_tag","embeddable":true,"href":"https:\/\/www.r2cpress.com.br\/v1\/wp-json\/wp\/v2\/tags?post=72840"}],"curies":[{"name":"wp","href":"https:\/\/api.w.org\/{rel}","templated":true}]}}