{"id":72846,"date":"2013-09-28T20:43:41","date_gmt":"2013-09-28T23:43:41","guid":{"rendered":"http:\/\/www.r2cpress.com.br\/v1\/?p=72846"},"modified":"2013-09-28T20:43:41","modified_gmt":"2013-09-28T23:43:41","slug":"diocese-de-ilheus-18","status":"publish","type":"post","link":"https:\/\/www.r2cpress.com.br\/v1\/2013\/09\/28\/diocese-de-ilheus-18\/","title":{"rendered":"Diocese de Ilh\u00e9us"},"content":{"rendered":"<p align=\"right\"><b><i>\u00a0Ningu\u00e9m tem Maior Amor, <\/i><\/b><\/p>\n<p align=\"right\"><b><i>do que Aquele que d\u00e1 a Vida Por seus Amigos (Jo 15,13)<\/i><\/b><\/p>\n<p align=\"center\"><b><i>\u00a0<\/i><\/b>A Diocese de Ilh\u00e9us, no pr\u00f3ximo dia 20 de outubro vai comemorar o seu Primeiro Centen\u00e1rio e deseja contar um pouco da sua Hist\u00f3ria nas A\u00e7\u00f5es Sociais Diocesanas; para isto convidou cinco de suas Pastorais e mais o Conselho de Leigos(as) da Diocese,\u00a0 para fazerem uma Exposi\u00e7\u00e3o no dia 14 de outubro na Catedral Diocesana \u00e0s 19h00, para que junto com toda a Sociedade possam expor os seus trabalhos sociais durante este Primeiro Jubileu.<\/p>\n<div id=\"attachment_72847\" style=\"width: 610px\" class=\"wp-caption aligncenter\"><a href=\"http:\/\/www.r2cpress.com.br\/v1\/wp-content\/uploads\/CONVITE-centen\u00e1rio-diocese-de-ilh\u00e9us-c\u00f3pia.jpg\"><img aria-describedby=\"caption-attachment-72847\" loading=\"lazy\" class=\"size-full wp-image-72847\" alt=\"Voc\u00ea e Toda a sua Fam\u00edlia s\u00e3o os Nossos Convidados Especiais.\" src=\"http:\/\/www.r2cpress.com.br\/v1\/wp-content\/uploads\/CONVITE-centen\u00e1rio-diocese-de-ilh\u00e9us-c\u00f3pia.jpg\" width=\"600\" height=\"404\" srcset=\"https:\/\/www.r2cpress.com.br\/v1\/wp-content\/uploads\/CONVITE-centen\u00e1rio-diocese-de-ilh\u00e9us-c\u00f3pia.jpg 600w, https:\/\/www.r2cpress.com.br\/v1\/wp-content\/uploads\/CONVITE-centen\u00e1rio-diocese-de-ilh\u00e9us-c\u00f3pia-300x202.jpg 300w\" sizes=\"(max-width: 600px) 100vw, 600px\" \/><\/a><p id=\"caption-attachment-72847\" class=\"wp-caption-text\"><strong>Voc\u00ea e Toda a sua Fam\u00edlia s\u00e3o os Nossos Convidados Especiais.<\/strong><\/p><\/div>\n","protected":false},"excerpt":{"rendered":"<p>\u00a0Ningu\u00e9m tem Maior Amor, do que Aquele que d\u00e1 a Vida Por seus Amigos (Jo 15,13) \u00a0A Diocese de Ilh\u00e9us, no pr\u00f3ximo dia 20 de outubro vai comemorar o seu Primeiro Centen\u00e1rio e deseja contar um pouco da sua Hist\u00f3ria nas A\u00e7\u00f5es Sociais Diocesanas; para isto convidou cinco de suas Pastorais e mais o Conselho [&hellip;]<\/p>\n","protected":false},"author":2,"featured_media":0,"comment_status":"open","ping_status":"open","sticky":false,"template":"","format":"standard","meta":{"_links_to":"","_links_to_target":""},"categories":[14],"tags":[],"_links":{"self":[{"href":"https:\/\/www.r2cpress.com.br\/v1\/wp-json\/wp\/v2\/posts\/72846"}],"collection":[{"href":"https:\/\/www.r2cpress.com.br\/v1\/wp-json\/wp\/v2\/posts"}],"about":[{"href":"https:\/\/www.r2cpress.com.br\/v1\/wp-json\/wp\/v2\/types\/post"}],"author":[{"embeddable":true,"href":"https:\/\/www.r2cpress.com.br\/v1\/wp-json\/wp\/v2\/users\/2"}],"replies":[{"embeddable":true,"href":"https:\/\/www.r2cpress.com.br\/v1\/wp-json\/wp\/v2\/comments?post=72846"}],"version-history":[{"count":3,"href":"https:\/\/www.r2cpress.com.br\/v1\/wp-json\/wp\/v2\/posts\/72846\/revisions"}],"predecessor-version":[{"id":72850,"href":"https:\/\/www.r2cpress.com.br\/v1\/wp-json\/wp\/v2\/posts\/72846\/revisions\/72850"}],"wp:attachment":[{"href":"https:\/\/www.r2cpress.com.br\/v1\/wp-json\/wp\/v2\/media?parent=72846"}],"wp:term":[{"taxonomy":"category","embeddable":true,"href":"https:\/\/www.r2cpress.com.br\/v1\/wp-json\/wp\/v2\/categories?post=72846"},{"taxonomy":"post_tag","embeddable":true,"href":"https:\/\/www.r2cpress.com.br\/v1\/wp-json\/wp\/v2\/tags?post=72846"}],"curies":[{"name":"wp","href":"https:\/\/api.w.org\/{rel}","templated":true}]}}