{"id":72886,"date":"2013-09-29T21:25:22","date_gmt":"2013-09-30T00:25:22","guid":{"rendered":"http:\/\/www.r2cpress.com.br\/v1\/?p=72886"},"modified":"2013-09-29T21:25:22","modified_gmt":"2013-09-30T00:25:22","slug":"milagres-atribuidos-ao-papa-francisco","status":"publish","type":"post","link":"https:\/\/www.r2cpress.com.br\/v1\/2013\/09\/29\/milagres-atribuidos-ao-papa-francisco\/","title":{"rendered":"Milagres atribu\u00eddos ao Papa Francisco !!!"},"content":{"rendered":"<div>\n<p>1. Ficou preso num congestionamento no Rio, de janela aberta, e n\u00e3o foi assaltado.<\/p>\n<\/div>\n<div>\n<div>\n<p>2. N\u00e3o foi atingido por uma bala perdida; olhe que nem precisou de carro (Papa-movel) blindado.<\/p>\n<\/div>\n<div>\n<p>3. Cumprimentou toda aquela gente importante que vimos na TV, Dilma, Michel Temer, Renan, Cabral e outros e continua com seu anel de prata.<\/p>\n<\/div>\n<div>\n<p>4. Fez com que o governador S\u00e9rgio Cabral andasse de carro.<\/p>\n<\/div>\n<div>\n<p>5. Foi fotografado sem que a cabe\u00e7a do ministro Mercadante aparecesse em seu ombro direito.<\/p>\n<\/div>\n<div>\n<p>6. Fez com que o mundo todo gostasse de um argentino, e principalmente que os brasileiros aplaudissem um argentino.<\/p>\n<\/div>\n<div>\n<p>7. Encontrou Renan Calheiros e n\u00e3o foi acusado de nada.<\/p>\n<\/div>\n<div>\n<p>8. Usou saia em Copacabana e n\u00e3o levou cantada.<\/p>\n<\/div>\n<div>\n<p>9. E por muito pouco a Dilma n\u00e3o disse que a vinda do Papa ao Brasil foi mais um evento patrocinado pelo seu governo,ou pelo PT ou pelo ex-presi(m)ente Lulla.<\/p>\n<\/div>\n<div>\n<p>10. O Lulla n\u00e3o apareceu nas fotos, fazendo propaganda do PT, falando mal do FHC e\u00a0\u201cdazelite\u201d ,\u00a0nem dizendo que n\u00e3o sabia de nada&#8230;..<\/p>\n<\/div>\n<\/div>\n<p>Mas o papa se preveniu de qualquer imprevisto que poderia ter. Ao descer uma das primeiras frases dita por ele foi: <strong>&#8220;N\u00e3o trago ouro nem prata&#8230;\u201d.<\/strong><\/p>\n<p>A\u00ed ele j\u00e1 desanimou os pol\u00edticos e os assaltantes!!!<\/p>\n<p>&#8212;<\/p>\n<p>KKZ\u00c3O fez as anota\u00e7\u00f5es&#8230;rsrsrsrsrsr<\/p>\n","protected":false},"excerpt":{"rendered":"<p>1. Ficou preso num congestionamento no Rio, de janela aberta, e n\u00e3o foi assaltado. 2. N\u00e3o foi atingido por uma bala perdida; olhe que nem precisou de carro (Papa-movel) blindado. 3. Cumprimentou toda aquela gente importante que vimos na TV, Dilma, Michel Temer, Renan, Cabral e outros e continua com seu anel de prata. 4. [&hellip;]<\/p>\n","protected":false},"author":2,"featured_media":0,"comment_status":"open","ping_status":"open","sticky":false,"template":"","format":"standard","meta":{"_links_to":"","_links_to_target":""},"categories":[10],"tags":[],"_links":{"self":[{"href":"https:\/\/www.r2cpress.com.br\/v1\/wp-json\/wp\/v2\/posts\/72886"}],"collection":[{"href":"https:\/\/www.r2cpress.com.br\/v1\/wp-json\/wp\/v2\/posts"}],"about":[{"href":"https:\/\/www.r2cpress.com.br\/v1\/wp-json\/wp\/v2\/types\/post"}],"author":[{"embeddable":true,"href":"https:\/\/www.r2cpress.com.br\/v1\/wp-json\/wp\/v2\/users\/2"}],"replies":[{"embeddable":true,"href":"https:\/\/www.r2cpress.com.br\/v1\/wp-json\/wp\/v2\/comments?post=72886"}],"version-history":[{"count":3,"href":"https:\/\/www.r2cpress.com.br\/v1\/wp-json\/wp\/v2\/posts\/72886\/revisions"}],"predecessor-version":[{"id":72889,"href":"https:\/\/www.r2cpress.com.br\/v1\/wp-json\/wp\/v2\/posts\/72886\/revisions\/72889"}],"wp:attachment":[{"href":"https:\/\/www.r2cpress.com.br\/v1\/wp-json\/wp\/v2\/media?parent=72886"}],"wp:term":[{"taxonomy":"category","embeddable":true,"href":"https:\/\/www.r2cpress.com.br\/v1\/wp-json\/wp\/v2\/categories?post=72886"},{"taxonomy":"post_tag","embeddable":true,"href":"https:\/\/www.r2cpress.com.br\/v1\/wp-json\/wp\/v2\/tags?post=72886"}],"curies":[{"name":"wp","href":"https:\/\/api.w.org\/{rel}","templated":true}]}}