{"id":72905,"date":"2013-09-30T08:09:32","date_gmt":"2013-09-30T11:09:32","guid":{"rendered":"http:\/\/www.r2cpress.com.br\/v1\/?p=72905"},"modified":"2013-09-30T08:09:32","modified_gmt":"2013-09-30T11:09:32","slug":"bom-diaaaaaaaaaaaaaa","status":"publish","type":"post","link":"https:\/\/www.r2cpress.com.br\/v1\/2013\/09\/30\/bom-diaaaaaaaaaaaaaa\/","title":{"rendered":"BOM DIAAAAAAAAAAAAAA"},"content":{"rendered":"<div data-ft=\"{&quot;type&quot;:2,&quot;tn&quot;:&quot;:&quot;}\"><a id=\"js_103\" href=\"https:\/\/www.facebook.com\/oliveira.neto.710?hc_location=stream\" data-ft=\"{&quot;tn&quot;:&quot;;&quot;}\" data-hovercard=\"\/ajax\/hovercard\/user.php?id=100002916670604&amp;extragetparams=%7B%22hc_location%22%3A%22stream%22%7D\">Neto Oliveira<\/a><\/div>\n<div>BOM DIAAAAAAAAAAAAAA !!!!!!.<\/div>\n<div>&#8220;Acordemos, amigos ! somos perfeitos , inteligentes, temos um \u00f3timo perfume e nossos olhos brilham mais que um punhado de purpurina. Por que choramos? Perdemos em alguma esquina nosso encanto?! Ningu\u00e9m pode tirar de nos um mais belo sorriso, motivo de idas e vindas MADURAS e saltitantes. Coloquemos nossa m\u00fasica favorita para tocar, respiremos fundo e fa\u00e7amos o que de melhor sabemos fazer: Sermos nos mesmos sem restri\u00e7\u00f5es \u2026e mais que um dia , a amizade e o amor prevale\u00e7am&#8230;que o olhar para o outro saia do cora\u00e7\u00e3o ,que as palavras sejam mais doces e que as pessoas n\u00e3o esperem perfei\u00e7\u00e3o de ningu\u00e9m na ci\u00eancia que somos seres humanos!&#8230;.Nem a tristeza,nem a desilus\u00e3o,nem incerteza,nem a solid\u00e3o&#8230;nada me impedira de sorrir&#8230;Nem o medo,nem a depress\u00e3o,por mais que sofra meu cora\u00e7\u00e3o&#8230;nada me impedira de sonhar&#8230;Nem o desespero,nem a descren\u00e7a, muito menos o \u00f3dio ou alguma ofensa&#8230;nada me impedira de viver&#8230;Mesmo errando e aprendendo,tudo me ser\u00e1 favor\u00e1vel&#8230;para que eu possa sempre evoluir, preservar, servir,cantar, agradecer, perdoar,recome\u00e7ar&#8230;Quero viver o dia de hoje, como se fosse o primeiro&#8230;como se fosse o ultimo, como se fosse o \u00fanico&#8230;quero viver o momento de agora,como se ainda fosse cedo,como se nunca fosse tarde&#8230;quero manter o otimismo,conservar o equil\u00edbrio e fortalecer a minha esperan\u00e7a&#8230;quero recompor minhas energias para prosperar na minha miss\u00e3o e viver alegremente tds dias.&#8221;&#8230;&#8230;.<\/div>\n<div data-ft=\"{&quot;type&quot;:10,&quot;tn&quot;:&quot;H&quot;}\">\n<div>\n<div><img loading=\"lazy\" alt=\"BOM DIAAAAAAAAAAAAAA : ....&quot;Acordemos, amigos ! somos perfeitos , inteligentes, temos um \u00f3timo perfume e nossos olhos brilham mais que um punhado de purpurina. Por que choramos? Perdemos  em alguma esquina nosso encanto?! Ningu\u00e9m pode tirar de nos um mais belo sorriso, motivo de idas e vindas MADURAS e  saltitantes. Coloquemos nossa m\u00fasica favorita para tocar, respiremos  fundo e fa\u00e7amos  o que de melhor sabemos  fazer: Sermos   nos mesmos sem restri\u00e7\u00f5es \u2026e mais que um dia , a amizade e o amor prevale\u00e7am...que o olhar para o outro saia do cora\u00e7\u00e3o ,que  as palavras sejam mais doces e que as pessoas n\u00e3o esperem perfei\u00e7\u00e3o de  ningu\u00e9m na ci\u00eancia que somos seres humanos!....Nem a tristeza,nem a desilus\u00e3o,nem incerteza,nem a solid\u00e3o...nada me impedira de sorrir...Nem o medo,nem a depress\u00e3o,por mais que sofra meu cora\u00e7\u00e3o...nada me impedira de sonhar...Nem o desespero,nem a descren\u00e7a, muito menos o \u00f3dio ou alguma ofensa...nada me impedira de viver...Mesmo errando e aprendendo,tudo me ser\u00e1 favor\u00e1vel...para que eu possa sempre evoluir, preservar, servir,cantar, agradecer, perdoar,recome\u00e7ar...Quero viver o dia de hoje, como se fosse o primeiro...como se fosse o ultimo, como se fosse o \u00fanico...quero viver o momento de agora,como se ainda fosse cedo,como se nunca fosse tarde...quero manter o otimismo,conservar o equil\u00edbrio e fortalecer a minha esperan\u00e7a...quero recompor minhas energias para prosperar na minha miss\u00e3o e viver alegremente tds dias.&quot;.......\" src=\"https:\/\/fbcdn-sphotos-e-a.akamaihd.net\/hphotos-ak-ash3\/s403x403\/1383059_475596459214239_2054018284_n.jpg\" width=\"403\" height=\"218\" \/><\/div>\n<div>&#8212;<\/div>\n<div>A foto \u00e9 apenas ilustrativa e n\u00e3o de <strong>Neto Oliveira<\/strong> (para ficar bem claro) rsrsrsrsrsrs<\/div>\n<div>Bom dia proc\u00ea tamb\u00e9m <strong>AMIGO\/IRM\u00c3O.<\/strong><\/div>\n<\/div>\n<\/div>\n","protected":false},"excerpt":{"rendered":"<p>Neto Oliveira BOM DIAAAAAAAAAAAAAA !!!!!!. &#8220;Acordemos, amigos ! somos perfeitos , inteligentes, temos um \u00f3timo perfume e nossos olhos brilham mais que um punhado de purpurina. Por que choramos? Perdemos em alguma esquina nosso encanto?! Ningu\u00e9m pode tirar de nos um mais belo sorriso, motivo de idas e vindas MADURAS e saltitantes. Coloquemos nossa m\u00fasica [&hellip;]<\/p>\n","protected":false},"author":2,"featured_media":0,"comment_status":"open","ping_status":"open","sticky":false,"template":"","format":"standard","meta":{"_links_to":"","_links_to_target":""},"categories":[17],"tags":[],"_links":{"self":[{"href":"https:\/\/www.r2cpress.com.br\/v1\/wp-json\/wp\/v2\/posts\/72905"}],"collection":[{"href":"https:\/\/www.r2cpress.com.br\/v1\/wp-json\/wp\/v2\/posts"}],"about":[{"href":"https:\/\/www.r2cpress.com.br\/v1\/wp-json\/wp\/v2\/types\/post"}],"author":[{"embeddable":true,"href":"https:\/\/www.r2cpress.com.br\/v1\/wp-json\/wp\/v2\/users\/2"}],"replies":[{"embeddable":true,"href":"https:\/\/www.r2cpress.com.br\/v1\/wp-json\/wp\/v2\/comments?post=72905"}],"version-history":[{"count":3,"href":"https:\/\/www.r2cpress.com.br\/v1\/wp-json\/wp\/v2\/posts\/72905\/revisions"}],"predecessor-version":[{"id":72908,"href":"https:\/\/www.r2cpress.com.br\/v1\/wp-json\/wp\/v2\/posts\/72905\/revisions\/72908"}],"wp:attachment":[{"href":"https:\/\/www.r2cpress.com.br\/v1\/wp-json\/wp\/v2\/media?parent=72905"}],"wp:term":[{"taxonomy":"category","embeddable":true,"href":"https:\/\/www.r2cpress.com.br\/v1\/wp-json\/wp\/v2\/categories?post=72905"},{"taxonomy":"post_tag","embeddable":true,"href":"https:\/\/www.r2cpress.com.br\/v1\/wp-json\/wp\/v2\/tags?post=72905"}],"curies":[{"name":"wp","href":"https:\/\/api.w.org\/{rel}","templated":true}]}}