{"id":72909,"date":"2013-09-30T08:29:12","date_gmt":"2013-09-30T11:29:12","guid":{"rendered":"http:\/\/www.r2cpress.com.br\/v1\/?p=72909"},"modified":"2013-09-30T08:29:12","modified_gmt":"2013-09-30T11:29:12","slug":"curso-de-radio-operador-ilheus-bahia-de-17-a-19-de-outubro-2013","status":"publish","type":"post","link":"https:\/\/www.r2cpress.com.br\/v1\/2013\/09\/30\/curso-de-radio-operador-ilheus-bahia-de-17-a-19-de-outubro-2013\/","title":{"rendered":"CURSO DE RADIO OPERADOR ILHEUS -BAHIA DE 17 A 19 DE OUTUBRO 2013"},"content":{"rendered":"<div id=\"attachment_72910\" style=\"width: 343px\" class=\"wp-caption alignleft\"><a href=\"http:\/\/www.r2cpress.com.br\/v1\/wp-content\/uploads\/plataforma-curso-radio.jpg\"><img aria-describedby=\"caption-attachment-72910\" loading=\"lazy\" class=\"size-full wp-image-72910\" alt=\"Foto ilustrativa_internet.\" src=\"http:\/\/www.r2cpress.com.br\/v1\/wp-content\/uploads\/plataforma-curso-radio.jpg\" width=\"333\" height=\"154\" srcset=\"https:\/\/www.r2cpress.com.br\/v1\/wp-content\/uploads\/plataforma-curso-radio.jpg 333w, https:\/\/www.r2cpress.com.br\/v1\/wp-content\/uploads\/plataforma-curso-radio-300x138.jpg 300w\" sizes=\"(max-width: 333px) 100vw, 333px\" \/><\/a><p id=\"caption-attachment-72910\" class=\"wp-caption-text\">Foto ilustrativa_internet.<\/p><\/div>\n<p>OBJETIVO DO CURSO: Preparar o aluno para prova da ANATEL e habilita-lo para enfrentar uma sala de r\u00e1dio e seus procedimentos cotidianos.<br \/>\nPROGRAMA: No curso de R\u00e1dio Operador voc\u00ea vai aprender sobre C\u00f3digo Fon\u00e9tico Internacional, procedimentos na sala de r\u00e1dio, termos t\u00e9cnicos, r\u00e1dio telegrama, legisla\u00e7\u00e3o da classe, prioridades das comunica\u00e7\u00f5es, proibi\u00e7\u00f5es na sala de r\u00e1dio, nomenclatura das faixas de frequ\u00eancia, indicativo de sil\u00eancio, no\u00e7\u00f5es b\u00e1sicas de salvatagem, S.M.S, embarque e desembarque a\u00e9reo, regras gerais de seguran\u00e7a e treinamento no atendimento de aeronaves e embarca\u00e7\u00f5es, dentre outros assuntos.<\/p>\n<p>O CURSO SER\u00c1 MINISTRADO POR WILDE ACRE: PROFISSIONAL com larga experi\u00eancia em R\u00e1dio e telefonia; trabalha na \u00e1rea Offshore com Navios, Plataformas h\u00e1 v\u00e1rios anos, com um alto n\u00edvel de conhecimento como r\u00e1dio operador e um \u00edndice de 100 por cento de alunos aprovados nas provas da Anatel.<\/p>\n<p>METODOLOGIA: O curso ser\u00e1 realizado em tr\u00eas dias de aula te\u00f3rica, um dia de aula pr\u00e1tica, aulas de legisla\u00e7\u00e3o, conhecimento t\u00e9cnico, opera\u00e7\u00e3o r\u00e1dio telefonia, aula pratica em VHF, SSB. Com professor do Rio de janeiro que trabalha como r\u00e1dio Operador ha v\u00e1rios anos.<\/p>\n<p>CERTIFICADO E CARTEIRA: O certificado e a carteira ser\u00e1 emitida pela ANATEL. Ap\u00f3s o curso o aluno ir\u00e1 fazer uma prova na ANATEL, onde receber\u00e1 a carteira e certificado de R\u00e1dio Operador.<\/p>\n<p>REQUISITOS PARA INSCRI\u00c7\u00c3O:<br \/>\nMaior de 18 anos.<\/p>\n<p>Escolaridade &#8211; 1\u00ba grau<br \/>\nDOCUMENTOS: c\u00f3pia de RG, CPF, e Comprovante de resid\u00eancia.<\/p>\n<p>OPORTUNIDADES AP\u00d3S O CURSO: O professor passar\u00e1 v\u00e1rios endere\u00e7os de empresas para o aluno encaminhar o curr\u00edculo para analise.<br \/>\nN\u00e3o damos garantia de emprego, e sim endere\u00e7o das empresas.<\/p>\n<p>A ferrovia leste\/oeste vai precisar de Mao de obra qualificada inclusive de R\u00e1dios Operadores.<\/p>\n<p>O Samu, Corpo de Bombeiros, Aeroportos, v\u00e3o recrutar v\u00e1rios Radio Operadores que sejam credenciados pela ANATEL.<\/p>\n<p>(toda sala de radio tem que ter radio operadores credenciados pela ANATEL).<\/p>\n<p>O PRE-SAL \u00e9 uma realidade e precisar\u00e1 de m\u00e3o de obra qualificada.<\/p>\n<p>O curso possui foco total na prova da ANATEL (para obter a carteira profissional da \u00e1rea, com alto \u00edndice de aprova\u00e7\u00e3o),o profissional habilitado atua em Plataformas de Petr\u00f3leo, Navios, Sondas de Perfura\u00e7\u00e3o e em diversos outros locais, e em terra tamb\u00e9m.<\/p>\n<p>Tenha a carteira de r\u00e1dio operador e abra um leque de oportunidades em uma carreira que possui m\u00e9dia salarial entre R$ 3000,00 e R$ 14000,00!<\/p>\n<p>TEL:(73) 9152-2545 ou (73) 8814-6293 (73) 8804-1773- GEORGE<br \/>\nE-MAIL: <a href=\"mailto:just.geo@hotmail.com\" target=\"_blank\">just.geo@hotmail.com<\/a> OU <a href=\"mailto:wilde_acre@hotmail.com\" target=\"_blank\">wilde_acre@hotmail.com<\/a><\/p>\n","protected":false},"excerpt":{"rendered":"<p>OBJETIVO DO CURSO: Preparar o aluno para prova da ANATEL e habilita-lo para enfrentar uma sala de r\u00e1dio e seus procedimentos cotidianos. PROGRAMA: No curso de R\u00e1dio Operador voc\u00ea vai aprender sobre C\u00f3digo Fon\u00e9tico Internacional, procedimentos na sala de r\u00e1dio, termos t\u00e9cnicos, r\u00e1dio telegrama, legisla\u00e7\u00e3o da classe, prioridades das comunica\u00e7\u00f5es, proibi\u00e7\u00f5es na sala de r\u00e1dio, [&hellip;]<\/p>\n","protected":false},"author":2,"featured_media":0,"comment_status":"open","ping_status":"open","sticky":false,"template":"","format":"standard","meta":{"_links_to":"","_links_to_target":""},"categories":[28],"tags":[],"_links":{"self":[{"href":"https:\/\/www.r2cpress.com.br\/v1\/wp-json\/wp\/v2\/posts\/72909"}],"collection":[{"href":"https:\/\/www.r2cpress.com.br\/v1\/wp-json\/wp\/v2\/posts"}],"about":[{"href":"https:\/\/www.r2cpress.com.br\/v1\/wp-json\/wp\/v2\/types\/post"}],"author":[{"embeddable":true,"href":"https:\/\/www.r2cpress.com.br\/v1\/wp-json\/wp\/v2\/users\/2"}],"replies":[{"embeddable":true,"href":"https:\/\/www.r2cpress.com.br\/v1\/wp-json\/wp\/v2\/comments?post=72909"}],"version-history":[{"count":3,"href":"https:\/\/www.r2cpress.com.br\/v1\/wp-json\/wp\/v2\/posts\/72909\/revisions"}],"predecessor-version":[{"id":72913,"href":"https:\/\/www.r2cpress.com.br\/v1\/wp-json\/wp\/v2\/posts\/72909\/revisions\/72913"}],"wp:attachment":[{"href":"https:\/\/www.r2cpress.com.br\/v1\/wp-json\/wp\/v2\/media?parent=72909"}],"wp:term":[{"taxonomy":"category","embeddable":true,"href":"https:\/\/www.r2cpress.com.br\/v1\/wp-json\/wp\/v2\/categories?post=72909"},{"taxonomy":"post_tag","embeddable":true,"href":"https:\/\/www.r2cpress.com.br\/v1\/wp-json\/wp\/v2\/tags?post=72909"}],"curies":[{"name":"wp","href":"https:\/\/api.w.org\/{rel}","templated":true}]}}