{"id":72915,"date":"2013-09-30T09:08:59","date_gmt":"2013-09-30T12:08:59","guid":{"rendered":"http:\/\/www.r2cpress.com.br\/v1\/?p=72915"},"modified":"2013-09-30T11:00:39","modified_gmt":"2013-09-30T14:00:39","slug":"presidente-do-stf-lamenta-prisao-de-jornalista-do-estado-nos-eua","status":"publish","type":"post","link":"https:\/\/www.r2cpress.com.br\/v1\/2013\/09\/30\/presidente-do-stf-lamenta-prisao-de-jornalista-do-estado-nos-eua\/","title":{"rendered":"Presidente do STF lamenta pris\u00e3o de jornalista do &#8216;Estado&#8217; nos EUA"},"content":{"rendered":"<h1>Claudia Trevisan foi detida pela pol\u00edcia depois de tentar entrevistar Joaquim Barbosa<\/h1>\n<p>O presidente do Supremo Tribunal Federal (STF), Joaquim Barbosa, lamentou a pris\u00e3o da correspondente do Estado em Washington, Claudia Trevisan, na Universidade Yale, nos EUA. Ela foi detida na quinta-feira passada quando tentava entrevistar o ministro. Barbosa afirmou, por meio da sua assessoria, que ficou sabendo do epis\u00f3dio apenas na manh\u00e3 de s\u00e1bado, 28, informado pela organiza\u00e7\u00e3o do semin\u00e1rio \u2018Constitucionalismo Global 2013\u2019, do qual participava. Disse que lamentava o ocorrido, j\u00e1 que a jornalista brasileira estava l\u00e1 &#8220;apenas fazendo seu trabalho&#8221;.<\/p>\n<p><strong>Veja tamb\u00e9m:<\/strong><br \/>\n<img alt=\"link\" src=\"http:\/\/render.estadao.com.br\/ext\/selos\/icone-bullet.gif\" border=\"0\" \/> <a title=\"Universidade Yale, nos EUA, recua de a\u00e7\u00e3o contra jornalista do 'Estado'\" href=\"http:\/\/www.estadao.com.br\/noticias\/nacional,yale-recua-de-acao-contra-jornalista-do-estado,1079908,0.htm\"> <strong>Universidade Yale, nos EUA, recua de a\u00e7\u00e3o contra jornalista do &#8216;Estado&#8217;<\/strong> <\/a><br \/>\n<img alt=\"link\" src=\"http:\/\/render.estadao.com.br\/ext\/selos\/icone-bullet.gif\" border=\"0\" \/> <a title=\"Correspondente do 'Estado' \u00e9 presa e algemada\" href=\"http:\/\/www.estadao.com.br\/noticias\/nacional,correspondente-do-estado-e-presa-e-algemada-em-yale-%28eua%29,1079563,0.htm\"> <strong>Correspondente do &#8216;Estado&#8217; \u00e9 presa e algemada<\/strong> <\/a><\/p>\n<p>Claudia Trevisan foi algemada e detida por quase cinco horas, primeiro em um carro policial e, depois, na delegacia da cidade de New Haven, onde fica a universidade. Ela foi liberada ap\u00f3s ser autuada por &#8220;invas\u00e3o de propriedade&#8221;.<\/p>\n<p>&#8220;O ministro lamentou o fato da pris\u00e3o de uma rep\u00f3rter brasileira durante o evento em que ele participava&#8221;, informou a assessoria de Barbosa. O presidente do Supremo, conforme sua assessoria, &#8220;s\u00f3 veio a tomar conhecimento (da pris\u00e3o) muito tempo depois, no s\u00e1bado pela manh\u00e3, quando a organiza\u00e7\u00e3o do evento o informou.&#8221;<\/p>\n<p>A rep\u00f3rter havia sido destacada pelo jornal para cobrir a visita do presidente do STF. Ao procurar a assessoria da faculdade de direito da universidade, foi informada de que o evento seria fechado. Claudia conversou por telefone com o pr\u00f3prio Barbosa, a quem solicitou uma entrevista. O ministro afirmou que n\u00e3o falaria com a imprensa.<\/p>\n<p><!--more--><\/p>\n<p>A pr\u00f3pria jornalista, ao chegar \u00e0 universidade, procurou um dos seguran\u00e7as da institui\u00e7\u00e3o para confirmar a localiza\u00e7\u00e3o do evento, quando, ent\u00e3o, foi detida, algemada e teve seu passaporte retido. Ficou uma hora presa dentro de uma viatura, sem poder telefonar, e outras quatro horas na delegacia, quando p\u00f4de, enfim, fazer contato com a empresa. O Itamaraty foi ent\u00e3o acionado e um representante do consulado em Hartford foi encontr\u00e1-la.<\/p>\n<p>A Diretoria Jur\u00eddica do Estado acompanha o caso.<\/p>\n<p>Anteontem, a Universidade Yale divulgou nota sobre a deten\u00e7\u00e3o da jornalista. A institui\u00e7\u00e3o alegou que a pris\u00e3o foi &#8220;justificada&#8221;, mas afirmou que n\u00e3o &#8220;planeja acionar a promotoria local&#8221; para pedir a abertura de uma a\u00e7\u00e3o penal contra ela.<\/p>\n<p>No comunicado &#8211; assinado pelo secret\u00e1rio de imprensa Tom Conroy -, Yale reafirmou o motivo da pris\u00e3o e disse que &#8220;a pol\u00edcia seguiu os procedimentos normais, sem que a sra. Trevisan fosse maltratada&#8221;. A jornalista se disse surpresa com a afirma\u00e7\u00e3o. &#8220;Algemas s\u00e3o coisas dolorosas para usar. Ser impedida de fazer um telefonema durante cinco horas \u00e9 uma viol\u00eancia terr\u00edvel&#8221;, observou.<\/p>\n<p><strong>Of\u00edcio.<\/strong> O jornalista e escritor Laurentino Gomes lamentou nesse domingo, em seu blog, a pris\u00e3o da jornalista do Estado. Para ele, mais do que ser v\u00edtima de uma atitude arbitr\u00e1ria, Claudia foi alvo do preconceito contra estrangeiros.<\/p>\n<p>&#8220;Na minha opini\u00e3o, Claudia Trevisan foi presa por tentar exercer o seu of\u00edcio de jornalista, contra a vontade das autoridades envolvidas no epis\u00f3dio, e tamb\u00e9m por ser brasileira, ou seja, uma estrangeira em terras americanas. Mais do que v\u00edtima da atitude arbitr\u00e1ria de um policial, Claudia foi obviamente alvo do preconceito contra estrangeiros e, em particular, latino-americanos, que infelizmente ainda permeia parte da sociedade americana&#8221;, afirmou.<\/p>\n<p>&#8212;<\/p>\n<p>O Estado de S. Paulo<\/p>\n<p>www.estadao.com.br<\/p>\n<p>http:\/\/www.estadao.com.br\/noticias\/nacional,presidente-do-stf-lamenta-prisao-de-jornalista-do-estado-nos-eua,1080217,0.htm<\/p>\n","protected":false},"excerpt":{"rendered":"<p>Claudia Trevisan foi detida pela pol\u00edcia depois de tentar entrevistar Joaquim Barbosa O presidente do Supremo Tribunal Federal (STF), Joaquim Barbosa, lamentou a pris\u00e3o da correspondente do Estado em Washington, Claudia Trevisan, na Universidade Yale, nos EUA. Ela foi detida na quinta-feira passada quando tentava entrevistar o ministro. Barbosa afirmou, por meio da sua assessoria, [&hellip;]<\/p>\n","protected":false},"author":2,"featured_media":0,"comment_status":"open","ping_status":"open","sticky":false,"template":"","format":"standard","meta":{"_links_to":"","_links_to_target":""},"categories":[13],"tags":[],"_links":{"self":[{"href":"https:\/\/www.r2cpress.com.br\/v1\/wp-json\/wp\/v2\/posts\/72915"}],"collection":[{"href":"https:\/\/www.r2cpress.com.br\/v1\/wp-json\/wp\/v2\/posts"}],"about":[{"href":"https:\/\/www.r2cpress.com.br\/v1\/wp-json\/wp\/v2\/types\/post"}],"author":[{"embeddable":true,"href":"https:\/\/www.r2cpress.com.br\/v1\/wp-json\/wp\/v2\/users\/2"}],"replies":[{"embeddable":true,"href":"https:\/\/www.r2cpress.com.br\/v1\/wp-json\/wp\/v2\/comments?post=72915"}],"version-history":[{"count":4,"href":"https:\/\/www.r2cpress.com.br\/v1\/wp-json\/wp\/v2\/posts\/72915\/revisions"}],"predecessor-version":[{"id":72918,"href":"https:\/\/www.r2cpress.com.br\/v1\/wp-json\/wp\/v2\/posts\/72915\/revisions\/72918"}],"wp:attachment":[{"href":"https:\/\/www.r2cpress.com.br\/v1\/wp-json\/wp\/v2\/media?parent=72915"}],"wp:term":[{"taxonomy":"category","embeddable":true,"href":"https:\/\/www.r2cpress.com.br\/v1\/wp-json\/wp\/v2\/categories?post=72915"},{"taxonomy":"post_tag","embeddable":true,"href":"https:\/\/www.r2cpress.com.br\/v1\/wp-json\/wp\/v2\/tags?post=72915"}],"curies":[{"name":"wp","href":"https:\/\/api.w.org\/{rel}","templated":true}]}}