{"id":72919,"date":"2013-09-30T10:57:05","date_gmt":"2013-09-30T13:57:05","guid":{"rendered":"http:\/\/www.r2cpress.com.br\/v1\/?p=72919"},"modified":"2013-09-30T11:16:58","modified_gmt":"2013-09-30T14:16:58","slug":"reavaliar-e-preciso","status":"publish","type":"post","link":"https:\/\/www.r2cpress.com.br\/v1\/2013\/09\/30\/reavaliar-e-preciso\/","title":{"rendered":"Reavaliar \u00e9 preciso."},"content":{"rendered":"<h4 style=\"text-align: center;\" align=\"center\"><strong><span style=\"color: #008000;\">A vida \u00e9 um eterno aprendizado e, como seres racionais, temos que aprender com ela.<\/span><\/strong><\/h4>\n<p style=\"text-align: justify;\"><img loading=\"lazy\" class=\"alignleft\" alt=\"\" src=\"http:\/\/www.r2cpress.com.br\/v1\/wp-content\/uploads\/RABAT-MESA.jpg\" width=\"198\" height=\"266\" \/>\u201c<i>O <\/i><i>protesto<\/i><i> ou <\/i><i>manifesta\u00e7\u00e3o<\/i><i> expressa uma rea\u00e7\u00e3o solit\u00e1ria ou em grupo, de car\u00e1ter p\u00fablico, contra ou a favor de determinado evento. Os manifestantes organizam um protesto como uma maneira p\u00fablica de que suas opini\u00f5es sejam ouvidas em uma tentativa de influenciar a opini\u00e3o de outras pessoas ou a <a title=\"Pol\u00edtica\" href=\"http:\/\/pt.wikipedia.org\/wiki\/Pol%C3%ADtica\">pol\u00edtica<\/a> do <a title=\"Governo\" href=\"http:\/\/pt.wikipedia.org\/wiki\/Governo\">governo<\/a>, ou podem empreender a <a title=\"A\u00e7\u00e3o direta\" href=\"http:\/\/pt.wikipedia.org\/wiki\/A%C3%A7%C3%A3o_direta\">a\u00e7\u00e3o direta<\/a> tentando, elas mesmas, decretar diretamente as mudan\u00e7as desejadas.<\/i>\u201d. <a href=\"http:\/\/www.google.com.br\/url?sa=t&amp;rct=j&amp;q=&amp;esrc=s&amp;source=web&amp;cd=1&amp;cad=rja&amp;ved=0CC8QFjAA&amp;url=http%3A%2F%2Fpt.wikipedia.org%2Fwiki%2FProtesto&amp;ei=121JUoeuBenD4APL3YDADw&amp;usg=AFQjCNFWJmIgovWq4Hq5mzaSk44mDSZdGg&amp;bvm=bv.53217764,d.dmg\">Wikip\u00e9dia<\/a>.<\/p>\n<p style=\"text-align: justify;\">O fato \u00e9 que a sociedade perdeu o encanto, n\u00e3o est\u00e1 mais ladeando os jovens, o n\u00famero de \u2018pisantes\u2019 na pra\u00e7a reduz por dia, a cena que impactou no in\u00edcio, HOJE, j\u00e1 faz parte do cen\u00e1rio, do cotidiano e n\u00e3o mais IMPACTA. Chegar barraca pra l\u00e1 ou pra c\u00e1 n\u00e3o diz muita coisa. A situa\u00e7\u00e3o desgastante \u00e9 o elemento complicador porque essa atitude \u201csimp\u00e1tica\u201d do antes n\u00e3o tem eco no hoje &#8230;<\/p>\n<p style=\"text-align: justify;\">Pelo visto a coisa se transformou numa conden\u00e1vel disputa, num cabo de guerra, numa medi\u00e7\u00e3o de for\u00e7a.<\/p>\n<p style=\"text-align: justify;\"><strong>Vejamos:<\/strong><\/p>\n<p style=\"text-align: justify;\">Um lado conta com a atual insatisfa\u00e7\u00e3o popular (para com o movimento) e o outro aposta que somente na tora a coisa \u201cvai andar\u201d. \u00c9 exatamente nesse embate que reside todo o \u201cRABO DE FOGUETE\u201d. As notas, informes, releases que circulam pra l\u00e1 e pra c\u00e1 NADA DIZEM. Mostram, A BEM DA \u201cVERDADE\u201d, que as \u201cestrat\u00e9gias\u201d continuar\u00e3o as\u00a0 mesmas (claramente, \u00a0equivocadas). Observem: Basta que alguns energ\u00famenos digam que A ou B est\u00e1 no caminho certo para que a racionalidade seja deixada de lado. O despreparo \u00e9 palp\u00e1vel, gritante at\u00e9.<\/p>\n<p style=\"text-align: justify;\"><!--more--><\/p>\n<p style=\"text-align: justify;\">J\u00e1 que temos, na pra\u00e7a, um grupo \u2018emplacado\u2019 de revolucion\u00e1rio seria muito bom que os conhecimentos sobre a hist\u00f3ria de lutas no Pa\u00eds fossem mostrados num tel\u00e3o, na pra\u00e7a e, na propor\u00e7\u00e3o que os manifestantes fossem vendo as cenas acontecidas em tempos passados iriam, por assim dizer, numa forma inteligente, preparando os meninos para atos futuros.<\/p>\n<p style=\"text-align: justify;\">A infantilidade &#8211; volto a repetir &#8211; \u00e9 tamanha que vibram\/vibraram quando alguns pol\u00edticos &#8211; que deveriam estar atr\u00e1s das grades \u2013 foram buscados e ou ofereceram apoio. Eles, os meninos, \u201cse acham\u201d porque est\u00e1\/estavam mobilizando POL\u00cdTICOS INFLUENTES. Os mais rodados, ao verem o estardalha\u00e7o feito para recepcionar as \u201craposas felpudas\u201d, POR CONTA DISSO TAMB\u00c9M recuaram e, infelizmente, est\u00e3o vendo o barco afundar MESMO. Acreditem e n\u00e3o fiquem tristes: ACABOU. Valeu como aprendizado. Perdeu o aval popular.<\/p>\n<p style=\"text-align: justify;\">Estou tendo todo o cuidado do mundo porque conhe\u00e7o o sangue quente da juventude. Eles, os jovens, agem no calor da emo\u00e7\u00e3o e atropelam quem n\u00e3o segue o \u201cdecidido em assembleia\u201d e a\u00ed, claro, passam a ser inimigos&#8230; De um outro lado, mas na mesma pra\u00e7a, tem os opositores do governo que, tamb\u00e9m, \u00a0v\u00e3o colocando pilha nos meninos. Em outras palavras: os meninos, de uns dias pra c\u00e1, est\u00e3o sendo os inocentes \u00fateis nessa hist\u00f3ria e, lamentavelmente, o problema maior \u00e9 que n\u00e3o admitem isso e contestam de maneira veemente toda opini\u00e3o contr\u00e1ria \u00a0e ainda \u00a0dizem que sabem, PERFEITAMENTE, o que est\u00e3o fazendo. Sabem como se a coisa desandou?<\/p>\n<p style=\"text-align: justify;\">Tem chegado aqui uma infinidade de protestos contra o movimento. Brequei todos. N\u00e3o liberei. \u00c9 preciso SIM que os meninos partam pra cima toda vez que a insatisfa\u00e7\u00e3o\/indigna\u00e7\u00e3o aconte\u00e7a. Sou, por assim dizer, um incentivador para que as gera\u00e7\u00f5es n\u00e3o percam o poder de luta, de cobrar, reivindicar, mas de maneira correta, analisada e n\u00e3o na doida\/tora. Todos, indistintamente, querem participar de qualquer movimento que diga N\u00c3O ao errado. J\u00e1 viram um time perdendo e virar o jogo? Muda-se a estrat\u00e9gia, mexe nas pe\u00e7as, invertem jogadas e a\u00ed o time vence. Na mesmice &#8230; pode rolar at\u00e9 Goleada&#8230;<\/p>\n<p style=\"text-align: justify;\">Entidades j\u00e1 come\u00e7am a dizer, PUBLICAMENTE, que est\u00e3o amargando preju\u00edzos, \u201ccolaboradores despretensiosos\u201d \u00a0que iniciaram o movimento bateram em retirada, a oposi\u00e7\u00e3o ao governo fazendo a maior festa &#8230; e a cidade morta. O que vai terminar acontecendo \u00e9 que \u00a0alguns espertos tirar\u00e3o o&#8230; da reta e atribuir\u00e3o toda a desgra\u00e7a que estamos vivendo\/vivenciando para o movimento.<\/p>\n<p style=\"text-align: justify;\">C\u00e1 pra n\u00f3s: continuando, perpetuando essas estrat\u00e9gias dar\u00e3o, seguramente, \u00a0o discurso pronto, revisado e ainda colocar\u00e3o todo esse material no colo do prefeito&#8230;<\/p>\n<p style=\"text-align: justify;\">Reflitam!.<\/p>\n<p style=\"text-align: justify;\">Grande abra\u00e7o para todos, BOA SEMANA e fiquem com <span style=\"text-decoration: underline;\"><strong>DEUS<\/strong> <\/span>(Sempre!).<\/p>\n<p style=\"text-align: justify;\">Rabat.<\/p>\n","protected":false},"excerpt":{"rendered":"<p>A vida \u00e9 um eterno aprendizado e, como seres racionais, temos que aprender com ela. \u201cO protesto ou manifesta\u00e7\u00e3o expressa uma rea\u00e7\u00e3o solit\u00e1ria ou em grupo, de car\u00e1ter p\u00fablico, contra ou a favor de determinado evento. Os manifestantes organizam um protesto como uma maneira p\u00fablica de que suas opini\u00f5es sejam ouvidas em uma tentativa de [&hellip;]<\/p>\n","protected":false},"author":2,"featured_media":0,"comment_status":"open","ping_status":"open","sticky":false,"template":"","format":"standard","meta":{"_links_to":"","_links_to_target":""},"categories":[20],"tags":[],"_links":{"self":[{"href":"https:\/\/www.r2cpress.com.br\/v1\/wp-json\/wp\/v2\/posts\/72919"}],"collection":[{"href":"https:\/\/www.r2cpress.com.br\/v1\/wp-json\/wp\/v2\/posts"}],"about":[{"href":"https:\/\/www.r2cpress.com.br\/v1\/wp-json\/wp\/v2\/types\/post"}],"author":[{"embeddable":true,"href":"https:\/\/www.r2cpress.com.br\/v1\/wp-json\/wp\/v2\/users\/2"}],"replies":[{"embeddable":true,"href":"https:\/\/www.r2cpress.com.br\/v1\/wp-json\/wp\/v2\/comments?post=72919"}],"version-history":[{"count":17,"href":"https:\/\/www.r2cpress.com.br\/v1\/wp-json\/wp\/v2\/posts\/72919\/revisions"}],"predecessor-version":[{"id":72935,"href":"https:\/\/www.r2cpress.com.br\/v1\/wp-json\/wp\/v2\/posts\/72919\/revisions\/72935"}],"wp:attachment":[{"href":"https:\/\/www.r2cpress.com.br\/v1\/wp-json\/wp\/v2\/media?parent=72919"}],"wp:term":[{"taxonomy":"category","embeddable":true,"href":"https:\/\/www.r2cpress.com.br\/v1\/wp-json\/wp\/v2\/categories?post=72919"},{"taxonomy":"post_tag","embeddable":true,"href":"https:\/\/www.r2cpress.com.br\/v1\/wp-json\/wp\/v2\/tags?post=72919"}],"curies":[{"name":"wp","href":"https:\/\/api.w.org\/{rel}","templated":true}]}}