{"id":72951,"date":"2013-09-30T15:49:46","date_gmt":"2013-09-30T18:49:46","guid":{"rendered":"http:\/\/www.r2cpress.com.br\/v1\/?p=72951"},"modified":"2013-09-30T15:49:46","modified_gmt":"2013-09-30T18:49:46","slug":"projeto-de-recuperacao-da-praca-sao-joao-e-apresentado-acomunidade-nesta-terca","status":"publish","type":"post","link":"https:\/\/www.r2cpress.com.br\/v1\/2013\/09\/30\/projeto-de-recuperacao-da-praca-sao-joao-e-apresentado-acomunidade-nesta-terca\/","title":{"rendered":"Projeto de recupera\u00e7\u00e3o da Pra\u00e7a S\u00e3o Jo\u00e3o \u00e9 apresentado \u00e0comunidade nesta ter\u00e7a"},"content":{"rendered":"<p><em>O projeto de recupera\u00e7\u00e3o da Pra\u00e7a S\u00e3o Jo\u00e3o foi inclu\u00eddo no Programa de Ado\u00e7\u00e3o de Pra\u00e7as, conforme a Lei Municipal n\u00ba 3.303. A parceria para a execu\u00e7\u00e3o da obra foi feita com a empresa Cidadelle. <\/em><\/p>\n<div id=\"attachment_72953\" style=\"width: 610px\" class=\"wp-caption aligncenter\"><a href=\"http:\/\/www.r2cpress.com.br\/v1\/wp-content\/uploads\/Pra\u00e7a-S\u00e3o-Jo\u00e3o-Batista-Foto-Gidelzo-Silva-Secom-Ilh\u00e9us-11.jpg\"><img aria-describedby=\"caption-attachment-72953\" loading=\"lazy\" src=\"http:\/\/www.r2cpress.com.br\/v1\/wp-content\/uploads\/Pra\u00e7a-S\u00e3o-Jo\u00e3o-Batista-Foto-Gidelzo-Silva-Secom-Ilh\u00e9us-11.jpg\" alt=\"Pra\u00e7a S\u00e3o Jo\u00e3o Batista - Foto Gidelzo Silva (Secom Ilh\u00e9us).\" width=\"600\" height=\"285\" class=\"size-full wp-image-72953\" srcset=\"https:\/\/www.r2cpress.com.br\/v1\/wp-content\/uploads\/Pra\u00e7a-S\u00e3o-Jo\u00e3o-Batista-Foto-Gidelzo-Silva-Secom-Ilh\u00e9us-11.jpg 600w, https:\/\/www.r2cpress.com.br\/v1\/wp-content\/uploads\/Pra\u00e7a-S\u00e3o-Jo\u00e3o-Batista-Foto-Gidelzo-Silva-Secom-Ilh\u00e9us-11-300x142.jpg 300w\" sizes=\"(max-width: 600px) 100vw, 600px\" \/><\/a><p id=\"caption-attachment-72953\" class=\"wp-caption-text\">Pra\u00e7a S\u00e3o Jo\u00e3o Batista &#8211; Foto Gidelzo Silva (Secom Ilh\u00e9us).<\/p><\/div>\n<p>Atrav\u00e9s do Movimento Pontalense de Cidadania, o prefeito de Ilh\u00e9us, Jabes Ribeiro, participa de uma reuni\u00e3o com a comunidade do Pontal, nesta ter\u00e7a-feira, 1\u00ba de outubro, oportunidade em que ser\u00e3o apresentados e discutidos os projetos de recupera\u00e7\u00e3o da Pra\u00e7a S\u00e3o Jo\u00e3o, a principal do bairro. O encontro acontecer\u00e1 \u00e0s 19h30, no sal\u00e3o paroquial da Igreja S\u00e3o Jo\u00e3o Batista.<\/p>\n<p>De acordo com o ex-vice-prefeito do munic\u00edpio e morador do local, Jos\u00e9 Henrique Abobreira, a situa\u00e7\u00e3o de abandono da pra\u00e7a foi um dos motivos do surgimento do Movimento Pontalense de Cidadania. \u201cEm 2011, fizemos a campanha \u2018A Pra\u00e7a S\u00e3o Jo\u00e3o \u00e9 Nossa\u2019, na abertura da primavera, para denunciarmos a situa\u00e7\u00e3o. No ano passado, entregamos ao ent\u00e3o candidato Jabes Ribeiro uma enquete realizada por alunos da Faculdade de Ilh\u00e9us, na qual ficou claro que o maior anseio dos moradores do bairro \u00e9 a obra de recupera\u00e7\u00e3o da pra\u00e7a\u201d, explica Abobreira.<\/p>\n<p>Ap\u00f3s assumir o compromisso de reunir esfor\u00e7os para atender ao apelo da comunidade, o prefeito Jabes Ribeiro assinou, no \u00faltimo dia 1\u00ba de julho, o termo de autoriza\u00e7\u00e3o ao Programa de Ado\u00e7\u00e3o de Pra\u00e7as para celebra\u00e7\u00e3o de conv\u00eanio com a empresa Cidadelle, que se manifestou interessada na parceria para execu\u00e7\u00e3o da obra.<\/p>\n<p>Durante a reuni\u00e3o, ser\u00e3o apresentadas as alternativas de recupera\u00e7\u00e3o da Pra\u00e7a S\u00e3o Jo\u00e3o, para que os pr\u00f3prios moradores decidam qual a melhor op\u00e7\u00e3o. O secret\u00e1rio de Meio Ambiente e Urbanismo, Antonio Vieira, informou que os projetos foram elaborados pela arquiteta Simone Flores, por solicita\u00e7\u00e3o da empresa Cidadelle, com a supervis\u00e3o t\u00e9cnica da Prefeitura.<\/p>\n<p>&#8212;<br \/>\nSecretaria de Comunica\u00e7\u00e3o Social (Secom)<br \/>\nIlh\u00e9us \u2013 30.09.2013<\/p>\n","protected":false},"excerpt":{"rendered":"<p>O projeto de recupera\u00e7\u00e3o da Pra\u00e7a S\u00e3o Jo\u00e3o foi inclu\u00eddo no Programa de Ado\u00e7\u00e3o de Pra\u00e7as, conforme a Lei Municipal n\u00ba 3.303. A parceria para a execu\u00e7\u00e3o da obra foi feita com a empresa Cidadelle. Atrav\u00e9s do Movimento Pontalense de Cidadania, o prefeito de Ilh\u00e9us, Jabes Ribeiro, participa de uma reuni\u00e3o com a comunidade do [&hellip;]<\/p>\n","protected":false},"author":2,"featured_media":0,"comment_status":"open","ping_status":"open","sticky":false,"template":"","format":"standard","meta":{"_links_to":"","_links_to_target":""},"categories":[23],"tags":[],"_links":{"self":[{"href":"https:\/\/www.r2cpress.com.br\/v1\/wp-json\/wp\/v2\/posts\/72951"}],"collection":[{"href":"https:\/\/www.r2cpress.com.br\/v1\/wp-json\/wp\/v2\/posts"}],"about":[{"href":"https:\/\/www.r2cpress.com.br\/v1\/wp-json\/wp\/v2\/types\/post"}],"author":[{"embeddable":true,"href":"https:\/\/www.r2cpress.com.br\/v1\/wp-json\/wp\/v2\/users\/2"}],"replies":[{"embeddable":true,"href":"https:\/\/www.r2cpress.com.br\/v1\/wp-json\/wp\/v2\/comments?post=72951"}],"version-history":[{"count":3,"href":"https:\/\/www.r2cpress.com.br\/v1\/wp-json\/wp\/v2\/posts\/72951\/revisions"}],"predecessor-version":[{"id":72955,"href":"https:\/\/www.r2cpress.com.br\/v1\/wp-json\/wp\/v2\/posts\/72951\/revisions\/72955"}],"wp:attachment":[{"href":"https:\/\/www.r2cpress.com.br\/v1\/wp-json\/wp\/v2\/media?parent=72951"}],"wp:term":[{"taxonomy":"category","embeddable":true,"href":"https:\/\/www.r2cpress.com.br\/v1\/wp-json\/wp\/v2\/categories?post=72951"},{"taxonomy":"post_tag","embeddable":true,"href":"https:\/\/www.r2cpress.com.br\/v1\/wp-json\/wp\/v2\/tags?post=72951"}],"curies":[{"name":"wp","href":"https:\/\/api.w.org\/{rel}","templated":true}]}}