{"id":7300,"date":"2011-01-23T20:59:48","date_gmt":"2011-01-23T23:59:48","guid":{"rendered":"http:\/\/www.r2cpress.com.br\/v1\/?p=7300"},"modified":"2011-01-23T20:59:48","modified_gmt":"2011-01-23T23:59:48","slug":"tres-chapas-concorrem-a-associacao-do-basilio","status":"publish","type":"post","link":"https:\/\/www.r2cpress.com.br\/v1\/2011\/01\/23\/tres-chapas-concorrem-a-associacao-do-basilio\/","title":{"rendered":"TR\u00caS CHAPAS CONCORREM \u00c0 ASSOCIA\u00c7\u00c3O DO BAS\u00cdLIO"},"content":{"rendered":"<p>De: Associa\u00e7\u00e3o de Moradores do Bas\u00edlio <amobasilio @hotmail.com><br \/>\nAssunto: <strong>TR\u00caS CHAPAS CONCORREM \u00c0 ASSOCIA\u00c7\u00c3O DO BAS\u00cdLIO<\/strong><\/p>\n<p>Corpo da mensagem:<br \/>\nForam soteados na manh\u00e3 de domingo(23)os n\u00fameros das chapas que ir\u00e3o concorrer \u00e0 Associa\u00e7\u00e3o de Moradores do Bairro do Bas\u00edlio.<br \/>\nAs chapas concorrentes s\u00e3o: CHAPA 1 &#8211; Ednei Portugal; CHAPA 2 &#8211; Paulo Ubirajara e CHAPA 3 &#8211; Andr\u00e9 Luiz Brand\u00e3o.<br \/>\nSegundo os Estatutos, os candidatos(associados), tem que estar quites com a tesouraria e ser efetivo participante das decis\u00f5es da entidade, comparecendo as reuni\u00f5es e assembleias convocadas.<br \/>\nDos candidatos apresentados, dois podem sobressair como \u00e9 o caso de Andr\u00e9 e Ednei. J\u00e1 o Paulo Ubirajara, pertence a uma outra agremia\u00e7\u00e3o e n\u00e3o se descompatibilizou no tempo h\u00e1bil para concorrer ao pleito da Associa\u00e7\u00e3o do Bas\u00edlio. Os candidatos Andr\u00e9 e Edenei, j\u00e1 avisaram que tem que cumprir o Estatuto, caro contr\u00e1rio entrar\u00e3o na justi\u00e7a.<br \/>\nO atual Presidente Vandilson Gomes, concorre na chapa de Andr\u00e9 Luiz Brand\u00e3o como secret\u00e1rio geral e diz que a decis\u00e3o \u00e9 dos candidatos a Presidente.<br \/>\nA elei\u00e7\u00e3o ocorrer\u00e1 no dia sete de fevereiro, das 8h \u00e0s 17h no Centro Comunit\u00e1rio do Bas\u00edlio e s\u00f3 poder\u00e1 votar os associados quites com a tesouraria da entidade.<\/p>\n<p>Renata Ribeiro Sant&#8217;ana<br \/>\nRela\u00e7\u00f5es P\u00fablicas<\/p>\n<p>&#8212;<br \/>\nEsta mensagem foi enviada atrav\u00e9s do formul\u00e1rio de contato do site R2CPRESS | A Letra Fria da Verdade http:\/\/www.r2cpress.com.br\/v1<\/amobasilio><\/p>\n","protected":false},"excerpt":{"rendered":"<p>De: Associa\u00e7\u00e3o de Moradores do Bas\u00edlio Assunto: TR\u00caS CHAPAS CONCORREM \u00c0 ASSOCIA\u00c7\u00c3O DO BAS\u00cdLIO Corpo da mensagem: Foram soteados na manh\u00e3 de domingo(23)os n\u00fameros das chapas que ir\u00e3o concorrer \u00e0 Associa\u00e7\u00e3o de Moradores do Bairro do Bas\u00edlio. As chapas concorrentes s\u00e3o: CHAPA 1 &#8211; Ednei Portugal; CHAPA 2 &#8211; Paulo Ubirajara e CHAPA 3 &#8211; [&hellip;]<\/p>\n","protected":false},"author":2,"featured_media":0,"comment_status":"open","ping_status":"open","sticky":false,"template":"","format":"standard","meta":{"_links_to":"","_links_to_target":""},"categories":[10],"tags":[],"_links":{"self":[{"href":"https:\/\/www.r2cpress.com.br\/v1\/wp-json\/wp\/v2\/posts\/7300"}],"collection":[{"href":"https:\/\/www.r2cpress.com.br\/v1\/wp-json\/wp\/v2\/posts"}],"about":[{"href":"https:\/\/www.r2cpress.com.br\/v1\/wp-json\/wp\/v2\/types\/post"}],"author":[{"embeddable":true,"href":"https:\/\/www.r2cpress.com.br\/v1\/wp-json\/wp\/v2\/users\/2"}],"replies":[{"embeddable":true,"href":"https:\/\/www.r2cpress.com.br\/v1\/wp-json\/wp\/v2\/comments?post=7300"}],"version-history":[{"count":2,"href":"https:\/\/www.r2cpress.com.br\/v1\/wp-json\/wp\/v2\/posts\/7300\/revisions"}],"predecessor-version":[{"id":7302,"href":"https:\/\/www.r2cpress.com.br\/v1\/wp-json\/wp\/v2\/posts\/7300\/revisions\/7302"}],"wp:attachment":[{"href":"https:\/\/www.r2cpress.com.br\/v1\/wp-json\/wp\/v2\/media?parent=7300"}],"wp:term":[{"taxonomy":"category","embeddable":true,"href":"https:\/\/www.r2cpress.com.br\/v1\/wp-json\/wp\/v2\/categories?post=7300"},{"taxonomy":"post_tag","embeddable":true,"href":"https:\/\/www.r2cpress.com.br\/v1\/wp-json\/wp\/v2\/tags?post=7300"}],"curies":[{"name":"wp","href":"https:\/\/api.w.org\/{rel}","templated":true}]}}