{"id":7308,"date":"2011-01-24T10:55:10","date_gmt":"2011-01-24T13:55:10","guid":{"rendered":"http:\/\/www.r2cpress.com.br\/v1\/?p=7308"},"modified":"2011-01-24T10:55:10","modified_gmt":"2011-01-24T13:55:10","slug":"decolores-16","status":"publish","type":"post","link":"https:\/\/www.r2cpress.com.br\/v1\/2011\/01\/24\/decolores-16\/","title":{"rendered":"DECOLORES"},"content":{"rendered":"<p><strong>O Rel\u00f3gio do Cora\u00e7\u00e3o<\/strong><\/p>\n<p><img align = \"left\" src = \"http:\/\/www.r2cpress.com.br\/v1\/wp-content\/uploads\/luiz-castro.jpg\"\/>H\u00e1 tempos em nossa vida que contam de forma diferente.<br \/>\nH\u00e1 semanas que duraram anos, como h\u00e1 anos que n\u00e3o contaram um dia.<br \/>\nH\u00e1 paix\u00f5es que foram eternas, como h\u00e1 amigos que passaram c\u00e9leres,             apesar de o calend\u00e1rio mostrar que ficaram por anos em nossas agendas.<br \/>\nH\u00e1 amores n\u00e3o realizados que deixaram olhares de meses, e beijos e abra\u00e7os n\u00e3o dados que at\u00e9 hoje esperam o desfecho.<br \/>\nH\u00e1 trabalhos que tomaram d\u00e9cadas de nosso tempo na Terra,<br \/>\nmas que nossa mem\u00f3ria insiste em cont\u00e1-los como semanas.<br \/>\nE h\u00e1 casamentos que, ao olharmos para tr\u00e1s, mal preenchem<br \/>\nos feriados da folhinha.<br \/>\nH\u00e1 tristezas que nos paralisaram por meses, mas que hoje,<br \/>\npassados os dias dif\u00edceis, mal guardamos a lembran\u00e7a de horas.<br \/>\nH\u00e1 eventos que marcaram, e que duram para sempre:<br \/>\nO nascimento do filho, a morte da av\u00f3, a viagem inesquec\u00edvel, o \u00eaxtase do sonho realizado.<br \/>\nEstes t\u00eam a dura\u00e7\u00e3o que nos ensina o significado da palavra eternidade\u201d.<\/p>\n<p><!--more--><\/p>\n<p>J\u00e1 viajei para a mesma cidade uma centena de vezes, e na maioria das viagens o tempo do percurso foi (quase) o mesmo.<br \/>\nMas conforme meu esp\u00edrito, houve viagem que n\u00e3o teve fim at\u00e9 hoje,                                        como h\u00e1 tamb\u00e9m o percurso que nem me lembro de ter feito, t\u00e3o feliz estava eu na ocasi\u00e3o.<br \/>\nO rel\u00f3gio do cora\u00e7\u00e3o, hoje descubro, bate em freq\u00fc\u00eancia diversa daquele que carrego no pulso.<br \/>\nMarca um tempo diferente, o das emo\u00e7\u00f5es que perduram e que ostram o verdadeiro tempo da exist\u00eancia da gente.<br \/>\nPor este rel\u00f3gio, velhice \u00e9 coisa de quem n\u00e3o conseguiu esticar o tempo que temos no mundo.<br \/>\n\u00c9 olhar as rugas&#8230; E n\u00e3o perceber a maturidade e a experi\u00eancia adquiridas.<br \/>\n\u00c9 pensar antes naquilo que n\u00e3o foi feito, ao inv\u00e9s de se alegrar e sorrir com as lembran\u00e7as do que viveu.<br \/>\nPense nisso.<br \/>\nConsulte sempre o rel\u00f3gio do cora\u00e7\u00e3o!<br \/>\n\u00c9 ele que lhe mostrar\u00e1 o verdadeiro tempo da vida&#8230;<br \/>\n\u201cA vida \u00e9 o dever que n\u00f3s trouxemos para fazer em casa.<br \/>\nQuando se v\u00ea, j\u00e1 s\u00e3o seis horas!<br \/>\nQuando de v\u00ea, j\u00e1 \u00e9 sexta-feira!<br \/>\nQuando se v\u00ea, j\u00e1 \u00e9 natal&#8230;<br \/>\nQuando se v\u00ea, j\u00e1 terminou o ano&#8230;<br \/>\nQuando se v\u00ea perdemos o amor da nossa vida.<br \/>\nQuando se v\u00ea passaram 50 anos!<br \/>\nAgora \u00e9 tarde demais para ser reprovado.<br \/>\nSe me fosse dada outra oportunidade, Eu nem olharia o rel\u00f3gio&#8230;<br \/>\n&#8230;Seguiria sempre em frente e iria jogando pelo caminho a casca dourada e in\u00fatil das horas&#8230;<br \/>\nSeguraria o amor que est\u00e1 a minha frente e diria que eu o amo&#8230;<br \/>\nE tem mais: n\u00e3o deixe de fazer algo de que gosta devido \u00e0 falta de tempo.<br \/>\nN\u00e3o deixe de ter pessoas ao seu lado por puro medo de ser feliz:<br \/>\nA \u00fanica falta que sentir\u00e1s ser\u00e1 a desse tempo, que infelizmente, jamais voltar\u00e1!\u201d<br \/>\n&#8220;O Presente \u00e9 a sombra que se move separando o Ontem do Amanh\u00e3.                             Nele repousa a esperan\u00e7a&#8221;<br \/>\n                                                Frank Lloyd Wright<\/p>\n<p>&#8220;O tempo foi algo que inventaram para que as coisas n\u00e3o acontecessem todas de uma vez&#8221;<br \/>\n                                   Autor Desconhecido<\/p>\n<p>&#8220;Tudo tem o seu tempo determinado<br \/>\ne h\u00e1 tempo para todo prop\u00f3sito debaixo do c\u00e9u:<br \/>\nH\u00e1 tempo de nascer e tempo de morrer;<br \/>\ntempo de chorar e tempo de rir;<br \/>\ntempo de abra\u00e7ar e tempo de afastar-se;<br \/>\ntempo de amar e tempo de aborrecer;<br \/>\ntempo de guerra e tempo de paz.&#8221;<br \/>\n                       Eclesiastes<\/p>\n<p>Luiz Castro<br \/>\nParticipante do MCC<\/p>\n","protected":false},"excerpt":{"rendered":"<p>O Rel\u00f3gio do Cora\u00e7\u00e3o H\u00e1 tempos em nossa vida que contam de forma diferente. H\u00e1 semanas que duraram anos, como h\u00e1 anos que n\u00e3o contaram um dia. H\u00e1 paix\u00f5es que foram eternas, como h\u00e1 amigos que passaram c\u00e9leres, apesar de o calend\u00e1rio mostrar que ficaram por anos em nossas agendas. H\u00e1 amores n\u00e3o realizados que [&hellip;]<\/p>\n","protected":false},"author":2,"featured_media":0,"comment_status":"open","ping_status":"open","sticky":false,"template":"","format":"standard","meta":{"_links_to":"","_links_to_target":""},"categories":[10],"tags":[],"_links":{"self":[{"href":"https:\/\/www.r2cpress.com.br\/v1\/wp-json\/wp\/v2\/posts\/7308"}],"collection":[{"href":"https:\/\/www.r2cpress.com.br\/v1\/wp-json\/wp\/v2\/posts"}],"about":[{"href":"https:\/\/www.r2cpress.com.br\/v1\/wp-json\/wp\/v2\/types\/post"}],"author":[{"embeddable":true,"href":"https:\/\/www.r2cpress.com.br\/v1\/wp-json\/wp\/v2\/users\/2"}],"replies":[{"embeddable":true,"href":"https:\/\/www.r2cpress.com.br\/v1\/wp-json\/wp\/v2\/comments?post=7308"}],"version-history":[{"count":2,"href":"https:\/\/www.r2cpress.com.br\/v1\/wp-json\/wp\/v2\/posts\/7308\/revisions"}],"predecessor-version":[{"id":7310,"href":"https:\/\/www.r2cpress.com.br\/v1\/wp-json\/wp\/v2\/posts\/7308\/revisions\/7310"}],"wp:attachment":[{"href":"https:\/\/www.r2cpress.com.br\/v1\/wp-json\/wp\/v2\/media?parent=7308"}],"wp:term":[{"taxonomy":"category","embeddable":true,"href":"https:\/\/www.r2cpress.com.br\/v1\/wp-json\/wp\/v2\/categories?post=7308"},{"taxonomy":"post_tag","embeddable":true,"href":"https:\/\/www.r2cpress.com.br\/v1\/wp-json\/wp\/v2\/tags?post=7308"}],"curies":[{"name":"wp","href":"https:\/\/api.w.org\/{rel}","templated":true}]}}