{"id":7314,"date":"2011-01-24T11:53:32","date_gmt":"2011-01-24T14:53:32","guid":{"rendered":"http:\/\/www.r2cpress.com.br\/v1\/?p=7314"},"modified":"2011-01-24T14:59:14","modified_gmt":"2011-01-24T17:59:14","slug":"a-coluna-do-jonildo-9","status":"publish","type":"post","link":"https:\/\/www.r2cpress.com.br\/v1\/2011\/01\/24\/a-coluna-do-jonildo-9\/","title":{"rendered":"A coluna do Jonildo"},"content":{"rendered":"<p><img align = \"right\" src = \"http:\/\/www.r2cpress.com.br\/v1\/wp-content\/uploads\/jonildo-perfil.jpg\"\/><\/p>\n<p><strong>Dignidade?<\/strong><\/p>\n<p>\u00c9 deprimente ver as pessoas que trabalham na limpeza publica na cidade de Ilh\u00e9us. Mulheres que puxam os carrinhos e varrem as ruas da cidade sem uniforme, sem luvas, sem botas, completamente desprotegidas. N\u00e3o \u00e9 diferente com os homens que correm atr\u00e1s do caminh\u00e3o jogando os sacos de de lixo, como se praticassem \u201csaco-ao-alvo\u201d.<\/p>\n<p>O que voc\u00ea pode esperar de uma cidade onde as supostas autoridades n\u00e3o t\u00eam respeito ao seu semelhante?<\/p>\n<p><strong>J\u00e1 \u00e9<\/strong><\/p>\n<p><!--more--><\/p>\n<p>Com apenas uma chapa concorrendo aos cargos de diretores da Associa\u00e7\u00e3o Comercial de Ilh\u00e9us(ACIlh\u00e9us), a elei\u00e7\u00e3o para escolha do novo presidente da entidade transcorreu tranquilamente. O empres\u00e1rio Nilton Cruz foi eleito e ter\u00e1 mandato de dois anos.  Nilton Cruz pretende dar continuidade \u00e0s a\u00e7\u00f5es j\u00e1 realizadas pela ACIlh\u00e9us e anunciou que vai apoiar as a\u00e7\u00f5es para fortalecer o com\u00e9rcio e a ind\u00fastria em Ilh\u00e9us, bem como, para que a Associa\u00e7\u00e3o Comercial continue se destacando e se preparando para comemorar o seu primeiro centen\u00e1rio de funda\u00e7\u00e3o\u201d.<\/p>\n<p>Nilton \u00e9 conhecido pelo seu dinamismo e entusiasmo empresarial.<\/p>\n<p><strong>Cristo<\/strong><\/p>\n<p>O padre Jos\u00e9 Alvino de Cristo participou ontem, da ultima novena de S\u00e3o  Paulo Ap\u00f3stolo. Ele ainda n\u00e3o est\u00e1 completamente restabelecido da cirurgia que a foi submetido, mas a sua presen\u00e7a na Igreja mostra que est\u00e1 disposto a retomar os projetos que est\u00e3o em andamento.<\/p>\n<p><strong>Precisa<\/strong><\/p>\n<p>Ta faltando homem doutor!!!!<\/p>\n<p>Esse \u00e9 um refr\u00e3o de um jingle de um pol\u00edtico j\u00e1 falecido aqui da Bahia.<\/p>\n<p>N\u00e3o \u00e9 que pode se aplicar aos tempos atuais de Ilh\u00e9us.<\/p>\n<p>Faltava \u00e1gua e a Embasa n\u00e3o atendia as reclama\u00e7\u00f5es dos usu\u00e1rios. Ningu\u00e9m resolvia e os hidrantes estavam sempre secos.<\/p>\n<p>Pois \u00e9&#8230;, depois da reuni\u00e3o com o tenente-coronel Marivaldo Elias de S\u00e1, e o major Joelson Resende Gondim, comandante e sub-comandante do 5\u00ba Grupamento de Bombeiros respectivamente, (como se sabe, a Prefeitura n\u00e3o participou) para a situa\u00e7\u00e3o melhorar.<\/p>\n<p>\u00c9 que o simp\u00e1tico coronel n\u00e3o \u00e9 homem de muito lero-lero. O Cabra \u00e9 competente e de a\u00e7\u00e3o. Aqui ele encontrou o sub, o major Resende. Esse tamb\u00e9m \u00e9 \u201co c\u00e3o chupando manga\u201d.<\/p>\n<p>Bem&#8230; Bastaram alguns minutos de \u201cexposi\u00e7\u00e3o\u201d para convencerem os \u201ct\u00e9nicos\u201d da Embasa a parar com a lucrativa pr\u00e1tica de interromper o fornecimento de \u00e1gua.<\/p>\n<p><strong>\u00c9 osso<\/strong><\/p>\n<p>Os estagi\u00e1rios contratados pela Secretaria Municipal de Educa\u00e7\u00e3o passam o maior aperto. Somente depois de quatro meses de trabalho receberam o primeiro m\u00eas. Uma delas, cadeirante, precisava do dinheiro para uma cirurgia que seria submetida em Salvador. Nada comoveu aos \u201cpagadores\u201d da Prefeitura e ela ficou apenas  com os R$ 350.<\/p>\n<p><strong>Pastoral da Crian\u00e7a<\/strong><\/p>\n<p>Sob a coordena\u00e7\u00e3o da Irm\u00e3 Ana Peixoto, o bispo Dom Mauro Montagnoli inaugurou, semana passada, o escrit\u00f3rio da Pastoral da Crian\u00e7a, na Avenida Belmonte 311. A Casa foi completamente reformada gra\u00e7as \u00e0 articula\u00e7\u00e3o da religiosa com padres, empres\u00e1rios e institui\u00e7\u00f5es.<\/p>\n<p>Agora ela parte para o principal que \u00e9 fortalecer as a\u00e7\u00f5es da Pastoral da Crian\u00e7a em Ilh\u00e9us e toda a diocese.<\/p>\n<p><strong>Posto Florestal<\/strong><\/p>\n<p>Bonito s\u00f3 o nome. \u00c9 um buraco. Isso mesmo, as ruas s\u00e3o apenas um buraco. A prefeitura prometeu ao presidente da Associa\u00e7\u00e3o de Moradores , Jane Cristina, que ia tap\u00e1-los. Nada apenas promessa. Os buracos est\u00e3o l\u00e1 no mesmo lugar.<\/p>\n<p><strong>Perigo<\/strong><\/p>\n<p>A Prefeitura precisa definir a Avenida Central, no Jardim Sav\u00f3ia, como m\u00e3o \u00fanica. Atualmente \u00e9 um perigo para os moradores e transeuntes em geral.<\/p>\n<p>A rua n\u00e3o possui sinaliza\u00e7\u00e3o e se transformou numa op\u00e7\u00e3o para quem quer fugir da sinaliza\u00e7\u00e3o e quebra-molas da Av. Proclama\u00e7\u00e3o. Ou seja: pista de alta-velocidade.<\/p>\n<p>A sugest\u00e3o \u00e9 que a Prefeitura lhe d\u00ea um asfalto compat\u00edvel para suportar o transito de ve\u00edculos pesados, sinaliza\u00e7\u00e3o adequada, inclusive com quebra-molas e a transforme em m\u00e3o \u00fanica em dire\u00e7\u00e3o ao centro, enquanto que a Av. Proclama\u00e7\u00e3o ficaria m\u00e3o \u00fanica em dire\u00e7\u00e3o ao Distrito Industrial.<\/p>\n<p>&#8212;<br \/>\njonildogloria@gmail.com<\/p>\n","protected":false},"excerpt":{"rendered":"<p>Dignidade? \u00c9 deprimente ver as pessoas que trabalham na limpeza publica na cidade de Ilh\u00e9us. Mulheres que puxam os carrinhos e varrem as ruas da cidade sem uniforme, sem luvas, sem botas, completamente desprotegidas. N\u00e3o \u00e9 diferente com os homens que correm atr\u00e1s do caminh\u00e3o jogando os sacos de de lixo, como se praticassem \u201csaco-ao-alvo\u201d. [&hellip;]<\/p>\n","protected":false},"author":2,"featured_media":0,"comment_status":"open","ping_status":"open","sticky":false,"template":"","format":"standard","meta":{"_links_to":"","_links_to_target":""},"categories":[10],"tags":[],"_links":{"self":[{"href":"https:\/\/www.r2cpress.com.br\/v1\/wp-json\/wp\/v2\/posts\/7314"}],"collection":[{"href":"https:\/\/www.r2cpress.com.br\/v1\/wp-json\/wp\/v2\/posts"}],"about":[{"href":"https:\/\/www.r2cpress.com.br\/v1\/wp-json\/wp\/v2\/types\/post"}],"author":[{"embeddable":true,"href":"https:\/\/www.r2cpress.com.br\/v1\/wp-json\/wp\/v2\/users\/2"}],"replies":[{"embeddable":true,"href":"https:\/\/www.r2cpress.com.br\/v1\/wp-json\/wp\/v2\/comments?post=7314"}],"version-history":[{"count":4,"href":"https:\/\/www.r2cpress.com.br\/v1\/wp-json\/wp\/v2\/posts\/7314\/revisions"}],"predecessor-version":[{"id":7325,"href":"https:\/\/www.r2cpress.com.br\/v1\/wp-json\/wp\/v2\/posts\/7314\/revisions\/7325"}],"wp:attachment":[{"href":"https:\/\/www.r2cpress.com.br\/v1\/wp-json\/wp\/v2\/media?parent=7314"}],"wp:term":[{"taxonomy":"category","embeddable":true,"href":"https:\/\/www.r2cpress.com.br\/v1\/wp-json\/wp\/v2\/categories?post=7314"},{"taxonomy":"post_tag","embeddable":true,"href":"https:\/\/www.r2cpress.com.br\/v1\/wp-json\/wp\/v2\/tags?post=7314"}],"curies":[{"name":"wp","href":"https:\/\/api.w.org\/{rel}","templated":true}]}}