{"id":7321,"date":"2011-01-24T14:29:53","date_gmt":"2011-01-24T17:29:53","guid":{"rendered":"http:\/\/www.r2cpress.com.br\/v1\/?p=7321"},"modified":"2011-01-24T14:29:53","modified_gmt":"2011-01-24T17:29:53","slug":"o-passeio","status":"publish","type":"post","link":"https:\/\/www.r2cpress.com.br\/v1\/2011\/01\/24\/o-passeio\/","title":{"rendered":"O passeio&#8230;"},"content":{"rendered":"<p><em> <strong> Caro Rabat e internautas<br \/>\nGostaria de compartilhar um passeio que tentei fazer no domingo com voc\u00eas.<\/strong><\/em><\/p>\n<p>  <img align = \"left\" src = \"http:\/\/www.r2cpress.com.br\/v1\/wp-content\/uploads\/rodrigo-lagu%C3%A1rdia.jpg\"\/>   Iniciei pela Avenida Soares Lopes, passando por um transito ruim, mais aceit\u00e1vel, visto que estamos na alta esta\u00e7\u00e3o, consegui chegar na rua paralela a catedral onde iria percorrer a beira mar, que passa pelo ex restaurante Velhos Marinheiros, pela praia do Cristo no sentido Av. 2 de Julho, mais simplesmente o transito estava parado. As pessoas estacionaram em ambos os lados daquela rua estreita, o que sobrou da rua foi apenas o meio onde passava um carro por vez&#8230; Simplesmente um caos, passei meia hora para contornar e fazer o retorno. O novo trajeto foi passando pela rua lateral do Ves\u00favio, seguindo ate a Av. 2 de Julio, meu t\u00e3o sonhado destino, l\u00e1 chegando fui surpreendido pela rua tomada por pessoas, um palco, um port\u00e3o semi aberto que dava passagem para apenas um carro, mas n\u00e3o me atrevi a continuar, visto que havia muitas pessoas na rua, bebendo e dan\u00e7ando. A solu\u00e7\u00e3o encontrada foi efetuar uma marcha r\u00e9 pela contram\u00e3o com muita dificuldade, retornando e desistindo do passeio, indo direto para casa depois de mais de 1 hora dentro do carro, sem consegui estacionar ou chegar ao meu destino que era de dois km no m\u00e1ximo.<\/p>\n<p> <!--more--><\/p>\n<p>     \u00c9 muito lament\u00e1vel, n\u00e3o haver policiais ou agentes de transito sinalizando o transito principalmente nesta \u00e9poca do ano&#8230; Fecham uma Avenida como a 2 de Julho com port\u00f5es de zinco e palco e pessoas dan\u00e7ando no meio da rua e carros passando apertados, um salve-se quem puder&#8230; simplesmente lastim\u00e1vel.<\/p>\n<p>     Outro passeio que tive foi hoje, segunda,  as sete horas da manh\u00e3, tamb\u00e9m de carro, onde passei pelo est\u00e1dio de futebol da nossa cidade, ao entorno havia uma sujeira s\u00f3, consequentemente causado pelo publico do jogo que houve no domingo&#8230; A chuva da noite j\u00e1 devia ter limpado mais de 80% e levado muita sujeira para entupir os bueiros, mesmo assim vc podia enxergar a distancia in\u00fameros copos, sacos pl\u00e1sticos, etc. Quanto ao povo ser mal educado n\u00e3o h\u00e1 duvidas, por\u00e9m temos que levar em considera\u00e7\u00e3o que se percorre toda a extens\u00e3o do muro do est\u00e1dio e n\u00e3o h\u00e1 uma lixeira, os vendedores ambulantes fazem quest\u00e3o apenas de vender, n\u00e3o h\u00e1 um compromisso com o que vendem e ai percebemos a falta de fiscaliza\u00e7\u00e3o, de organiza\u00e7\u00e3o dos eventos de nossa cidade, n\u00e3o existe nenhum tipo de exig\u00eancia da prefeitura.<\/p>\n<p>    Continuando meu percurso passo pelo Malhado, no sem\u00e1foro na Avenida principal logo ap\u00f3s o col\u00e9gio e percebo mais sujeira, observo as barracas de capeta\/coquetel fechadas e pela quantidade de copos e sujeira, percebesse que uma festa muito boa ocorrer\u00e1 na noite anterior, nada contra ter festas nas ruas, desde que, exista policiamento, sinaliza\u00e7\u00e3o, desvio do transito, barracas credenciadas, lixeiras distribu\u00eddas, entre outros. As pessoas fazem eventos na rua e nem pedem autoriza\u00e7\u00e3o na prefeitura, n\u00e3o h\u00e1 respons\u00e1veis, n\u00e3o h\u00e1 fiscais, n\u00e3o h\u00e1 nada !<\/p>\n<p>     Daria exemplos diversos, por\u00e9m vou enfatizar apenas um: quem n\u00e3o conhece a passarela do \u00c1lcool em Porto Seguro, acho este um bom exemplo porque \u00e9 uma cidade menor que Ilh\u00e9us e com menos recursos, l\u00e1 todas as barracas s\u00e3o credenciadas na prefeitura, pagam taxa, s\u00e3o respons\u00e1veis pelo lixo, etc&#8230; Mesmo assim sempre h\u00e1 visivelmente uma sujeira depois que as barracas s\u00e3o desmontadas na Passarela do \u00c1lcool, por volta das duas da manh\u00e3, mas ao dia amanhecer, as 5 da manh\u00e3, posso dizer isso porque vi com meus pr\u00f3prios olhos por in\u00fameras vezes que estive l\u00e1, um mutir\u00e3o de garis, com caminh\u00e3o e carro pipa, devidamente fardados e com EPI\u00b4s, fazem a limpeza de toda a avenida que n\u00e3o \u00e9 pequena e em uma hora no m\u00e1ximo toda sua extens\u00e3o esta limpa, quem amanhece para ir na praia passa pelo local e nem percebe que na noite anterior houve uma festa e havia in\u00fameras barracas e turistas.<\/p>\n<p>     Ser\u00e1 que em Ilh\u00e9us nunca ter\u00e1 isto ? Ser\u00e1 t\u00e3o dif\u00edcil se organizar a este ponto ? Quem quiser ir l\u00e1 em Porto Seguro ver, basta ir e constatar e se puder aplicar algo desta m\u00ednima organiza\u00e7\u00e3o, para os eventos de rua de nossa cidade ser\u00e1 bem vindo. Quantos jogos ainda teremos este ano do nosso grande time Tigr\u00e3o ? Ser\u00e1 tudo igual ou pior ? N\u00e3o d\u00e1 mais para viver no s\u00e9culo passado, a cidade cresceu, precisa de organiza\u00e7\u00e3o, planejamento, fiscaliza\u00e7\u00e3o&#8230; Acorda Ilh\u00e9us !!!<\/p>\n<p>Ab\u00e7s;<\/p>\n<p>Rodrigo Lagu\u00e1rdia<\/p>\n","protected":false},"excerpt":{"rendered":"<p>Caro Rabat e internautas Gostaria de compartilhar um passeio que tentei fazer no domingo com voc\u00eas. Iniciei pela Avenida Soares Lopes, passando por um transito ruim, mais aceit\u00e1vel, visto que estamos na alta esta\u00e7\u00e3o, consegui chegar na rua paralela a catedral onde iria percorrer a beira mar, que passa pelo ex restaurante Velhos Marinheiros, pela [&hellip;]<\/p>\n","protected":false},"author":2,"featured_media":0,"comment_status":"open","ping_status":"open","sticky":false,"template":"","format":"standard","meta":{"_links_to":"","_links_to_target":""},"categories":[10],"tags":[],"_links":{"self":[{"href":"https:\/\/www.r2cpress.com.br\/v1\/wp-json\/wp\/v2\/posts\/7321"}],"collection":[{"href":"https:\/\/www.r2cpress.com.br\/v1\/wp-json\/wp\/v2\/posts"}],"about":[{"href":"https:\/\/www.r2cpress.com.br\/v1\/wp-json\/wp\/v2\/types\/post"}],"author":[{"embeddable":true,"href":"https:\/\/www.r2cpress.com.br\/v1\/wp-json\/wp\/v2\/users\/2"}],"replies":[{"embeddable":true,"href":"https:\/\/www.r2cpress.com.br\/v1\/wp-json\/wp\/v2\/comments?post=7321"}],"version-history":[{"count":3,"href":"https:\/\/www.r2cpress.com.br\/v1\/wp-json\/wp\/v2\/posts\/7321\/revisions"}],"predecessor-version":[{"id":7324,"href":"https:\/\/www.r2cpress.com.br\/v1\/wp-json\/wp\/v2\/posts\/7321\/revisions\/7324"}],"wp:attachment":[{"href":"https:\/\/www.r2cpress.com.br\/v1\/wp-json\/wp\/v2\/media?parent=7321"}],"wp:term":[{"taxonomy":"category","embeddable":true,"href":"https:\/\/www.r2cpress.com.br\/v1\/wp-json\/wp\/v2\/categories?post=7321"},{"taxonomy":"post_tag","embeddable":true,"href":"https:\/\/www.r2cpress.com.br\/v1\/wp-json\/wp\/v2\/tags?post=7321"}],"curies":[{"name":"wp","href":"https:\/\/api.w.org\/{rel}","templated":true}]}}