{"id":73276,"date":"2013-10-07T11:58:53","date_gmt":"2013-10-07T14:58:53","guid":{"rendered":"http:\/\/www.r2cpress.com.br\/v1\/?p=73276"},"modified":"2013-10-07T11:58:53","modified_gmt":"2013-10-07T14:58:53","slug":"acao-vai-obrigar-agressores-a-pagar-gastos-da-previdencia-com-vitimas","status":"publish","type":"post","link":"https:\/\/www.r2cpress.com.br\/v1\/2013\/10\/07\/acao-vai-obrigar-agressores-a-pagar-gastos-da-previdencia-com-vitimas\/","title":{"rendered":"A\u00e7\u00e3o vai obrigar agressores a pagar gastos da Previd\u00eancia com v\u00edtimas"},"content":{"rendered":"<div>\n<h3><em>Homofobia e racismo. Motoristas respons\u00e1veis por acidentes de tr\u00e2nsito e culpados por viol\u00eancia dom\u00e9stica j\u00e1 se tornaram alvo de indeniza\u00e7\u00e3o do INSS; o objeto dos procuradores \u00e9 que no futuro todo condenado criminalmente tamb\u00e9m seja cobrado<\/em><\/h3>\n<\/div>\n<p>A Advocacia-Geral da Uni\u00e3o (AGU) pretende ir \u00e0 Justi\u00e7a para receber os gastos com benef\u00edcios pagos pela Previd\u00eancia a v\u00edtimas de racismo ou homofobia. As a\u00e7\u00f5es s\u00e3o contra os agressores e acompanhar\u00e3o outras campanhas realizadas pela Procuradoria do Instituto Nacional do Seguro Social (INSS), que j\u00e1 tornou alvo de processos motoristas respons\u00e1veis por acidentes de tr\u00e2nsito e culpados por viol\u00eancia dom\u00e9stica.<\/p>\n<p>Em S\u00e3o Paulo, j\u00e1 s\u00e3o analisados 20 casos de homofobia. O procurador-geral do INSS, Alessandro Stefanutto, explica que o \u00f3rg\u00e3o quer avan\u00e7ar na pol\u00edtica de combate \u00e0 criminalidade. &#8220;N\u00f3s sabemos que esses casos s\u00e3o subnotificados. Nossa primeira triagem vai ser sobre not\u00edcias e associa\u00e7\u00f5es&#8221;, diz.<\/p>\n<p>A inten\u00e7\u00e3o de pedir o ressarcimento dos causadores de viol\u00eancia, no entanto, \u00e9 juridicamente complexa. A tese, ainda nova nos tribunais, est\u00e1 sendo testada desde que o instituto passou a processar em massa empresas pelos gastos com acidente de trabalho, em 2007. Advogados de empresas reclamam que j\u00e1 pagam Seguro Acidente de Trabalho (SAT), para cobrir o risco adicional do tipo de atividade exercida.<\/p>\n<p><!--more--><\/p>\n<p>Os juristas tamb\u00e9m observam que a contribui\u00e7\u00e3o previdenci\u00e1ria, descontada dos sal\u00e1rios e de empresas, existe justamente para financiar o sistema nos casos de aposentadoria por invalidez ou pens\u00e3o por morte. Outra cr\u00edtica \u00e9 que o \u00f3rg\u00e3o estaria, a pretexto de pol\u00edticas p\u00fablicas, em uma tentativa de capitalizar com os processos, sem um embasamento legal.<\/p>\n<p>A inten\u00e7\u00e3o dos procuradores do INSS, no entanto, \u00e9 que pouco a pouco a jurisprud\u00eancia se torne comum nos tribunais e as pessoas se acostumem a pagar as indeniza\u00e7\u00f5es quando causarem qualquer tipo de les\u00e3o ou morte que leve a um desembolso da Previd\u00eancia. Para isso, usam as m\u00e1quinas das 100 procuradorias do INSS espalhadas pelo Pa\u00eds para selecionar os casos e as cidades mais estrat\u00e9gicas. O objetivo no futuro \u00e9 que todo o condenado criminalmente por agress\u00e3o ou homic\u00eddio, em \u00faltimo caso, seja alvo de uma a\u00e7\u00e3o regressiva do INSS &#8211; como \u00e9 chamada a cobran\u00e7a.<\/p>\n<p><strong>N\u00fameros. <\/strong>O INSS j\u00e1 moveu cerca de 2.952 a\u00e7\u00f5es regressivas previdenci\u00e1rias para tentar ressarcir R$ 586.669.495,99. &#8220;A ideia \u00e9 que todo mundo se acostume que, quando faz algo errado, a Previd\u00eancia vai atr\u00e1s dele buscar o preju\u00edzo&#8221;, diz Stefanutto. O INSS j\u00e1 entrou, por exemplo, com 11 a\u00e7\u00f5es desde o ano passado para cobrar os benef\u00edcios pagos por causa de condenados por viol\u00eancia dom\u00e9stica contra a mulher. Tr\u00eas j\u00e1 foram julgadas e apenas uma deu resultado contr\u00e1rio \u00e0 Previd\u00eancia.<\/p>\n<p>No Rio Grande Sul, um homem que matou a ex-companheira, em 2009, foi condenado em fevereiro a pagar cerca de R$ 115 mil pela pens\u00e3o dos dois filhos menores de idade do casal. As crian\u00e7as tinham 8 e 10 anos, na \u00e9poca do crime. A mulher foi morta a facadas, na rua, depois ter registrado tr\u00eas ocorr\u00eancias contra o agressor.<\/p>\n<p>No mesmo Estado, entretanto, a Previd\u00eancia perdeu a causa contra um homem que assassinou a ex-namorada, condenado a 19 anos de reclus\u00e3o, em Caxias do Sul. A ju\u00edza federal Adriane Battisti, em decis\u00e3o do dia 26, afirmou que &#8220;a responsabilidade do setor privado quanto ao pagamento dos benef\u00edcios previdenci\u00e1rios \u00e9 restrita aos casos de acidente de trabalho&#8221;.<\/p>\n<p><strong>Luciano Bottini Filho &#8211; O Estado de S.Paulo<\/strong><\/p>\n<p><strong>WWW.ESTADAO.COM.BR<\/strong><\/p>\n<p><strong>http:\/\/www.estadao.com.br\/noticias\/impresso,acao-vai-obrigar-agressores-a-pagar-gastos-da-previdencia-com-vitimas,1082820,0.htm<\/strong><\/p>\n","protected":false},"excerpt":{"rendered":"<p>Homofobia e racismo. Motoristas respons\u00e1veis por acidentes de tr\u00e2nsito e culpados por viol\u00eancia dom\u00e9stica j\u00e1 se tornaram alvo de indeniza\u00e7\u00e3o do INSS; o objeto dos procuradores \u00e9 que no futuro todo condenado criminalmente tamb\u00e9m seja cobrado A Advocacia-Geral da Uni\u00e3o (AGU) pretende ir \u00e0 Justi\u00e7a para receber os gastos com benef\u00edcios pagos pela Previd\u00eancia a [&hellip;]<\/p>\n","protected":false},"author":2,"featured_media":0,"comment_status":"open","ping_status":"open","sticky":false,"template":"","format":"standard","meta":{"_links_to":"","_links_to_target":""},"categories":[13],"tags":[],"_links":{"self":[{"href":"https:\/\/www.r2cpress.com.br\/v1\/wp-json\/wp\/v2\/posts\/73276"}],"collection":[{"href":"https:\/\/www.r2cpress.com.br\/v1\/wp-json\/wp\/v2\/posts"}],"about":[{"href":"https:\/\/www.r2cpress.com.br\/v1\/wp-json\/wp\/v2\/types\/post"}],"author":[{"embeddable":true,"href":"https:\/\/www.r2cpress.com.br\/v1\/wp-json\/wp\/v2\/users\/2"}],"replies":[{"embeddable":true,"href":"https:\/\/www.r2cpress.com.br\/v1\/wp-json\/wp\/v2\/comments?post=73276"}],"version-history":[{"count":3,"href":"https:\/\/www.r2cpress.com.br\/v1\/wp-json\/wp\/v2\/posts\/73276\/revisions"}],"predecessor-version":[{"id":73279,"href":"https:\/\/www.r2cpress.com.br\/v1\/wp-json\/wp\/v2\/posts\/73276\/revisions\/73279"}],"wp:attachment":[{"href":"https:\/\/www.r2cpress.com.br\/v1\/wp-json\/wp\/v2\/media?parent=73276"}],"wp:term":[{"taxonomy":"category","embeddable":true,"href":"https:\/\/www.r2cpress.com.br\/v1\/wp-json\/wp\/v2\/categories?post=73276"},{"taxonomy":"post_tag","embeddable":true,"href":"https:\/\/www.r2cpress.com.br\/v1\/wp-json\/wp\/v2\/tags?post=73276"}],"curies":[{"name":"wp","href":"https:\/\/api.w.org\/{rel}","templated":true}]}}