{"id":7330,"date":"2011-01-24T15:07:53","date_gmt":"2011-01-24T18:07:53","guid":{"rendered":"http:\/\/www.r2cpress.com.br\/v1\/?p=7330"},"modified":"2011-01-24T15:07:53","modified_gmt":"2011-01-24T18:07:53","slug":"conheca-a-rondesp","status":"publish","type":"post","link":"https:\/\/www.r2cpress.com.br\/v1\/2011\/01\/24\/conheca-a-rondesp\/","title":{"rendered":"Conhe\u00e7a a RONDESP"},"content":{"rendered":"<p>As Rondas Especiais <strong>(RONDESP)<\/strong>, foi criada inicialmente como uma Subordinada do Comando de Policiamento da Capital (CPC), criada em 15 de maio de 2002. A regi\u00e3o Sul, depois da Reforma dos batalh\u00f5es, passou tamb\u00e9m a ter uma unidade que tem como objetivo fornecer \u00e0 popula\u00e7\u00e3o das cidades que comp\u00f5em a Regi\u00e3o Sul, um apoio na atividade de seguran\u00e7a p\u00fablica, al\u00e9m de servir de tropa de refor\u00e7o operacional m\u00f3vel nas diversas \u00e1reas de atua\u00e7\u00e3o das Unidades Operacionais.<\/p>\n<p><strong>Miss\u00e3o<\/strong><\/p>\n<p>Complementar as a\u00e7\u00f5es policiais-militares das Unidades Operacionais da RS, no policiamento ostensivo ordin\u00e1rio, de forma preventiva e repressiva. Antecipar ao emprego do BP Choque em situa\u00e7\u00f5es de grave amea\u00e7a da ordem p\u00fablica.<br \/>\nCombater os assaltos \u00e0s ag\u00eancias banc\u00e1rias, casas lot\u00e9ricas, ag\u00eancias dos Correios, carros de transportes de valores e outros crimes.<br \/>\nAtualmente, a <strong>RONDESP-RS<\/strong>, classificada como primeira Tropa de Rea\u00e7\u00e3o do Comando do Policiamento do Interior.<br \/>\nA <strong>RONDESP-RS<\/strong> atua tamb\u00e9m na opera\u00e7\u00e3o Vis\u00e3o Noturna, diariamente, lan\u00e7ando viaturas com 04 PM, para coibir as a\u00e7\u00f5es delituosas contra ve\u00edculos automotores e seus usu\u00e1rios. Esta opera\u00e7\u00e3o \u00e9 integrada com outros pelot\u00f5es especiais da PM e com a Pol\u00edcia Civil e tem apresentado excelentes resultados al\u00e9m de estar regulamentada pelo Plano de Opera\u00e7\u00f5es n\u00ba. 007 \u2013 Coordop\/PM\/2003.<\/p>\n","protected":false},"excerpt":{"rendered":"<p>As Rondas Especiais (RONDESP), foi criada inicialmente como uma Subordinada do Comando de Policiamento da Capital (CPC), criada em 15 de maio de 2002. A regi\u00e3o Sul, depois da Reforma dos batalh\u00f5es, passou tamb\u00e9m a ter uma unidade que tem como objetivo fornecer \u00e0 popula\u00e7\u00e3o das cidades que comp\u00f5em a Regi\u00e3o Sul, um apoio na [&hellip;]<\/p>\n","protected":false},"author":2,"featured_media":0,"comment_status":"open","ping_status":"open","sticky":false,"template":"","format":"standard","meta":{"_links_to":"","_links_to_target":""},"categories":[25],"tags":[],"_links":{"self":[{"href":"https:\/\/www.r2cpress.com.br\/v1\/wp-json\/wp\/v2\/posts\/7330"}],"collection":[{"href":"https:\/\/www.r2cpress.com.br\/v1\/wp-json\/wp\/v2\/posts"}],"about":[{"href":"https:\/\/www.r2cpress.com.br\/v1\/wp-json\/wp\/v2\/types\/post"}],"author":[{"embeddable":true,"href":"https:\/\/www.r2cpress.com.br\/v1\/wp-json\/wp\/v2\/users\/2"}],"replies":[{"embeddable":true,"href":"https:\/\/www.r2cpress.com.br\/v1\/wp-json\/wp\/v2\/comments?post=7330"}],"version-history":[{"count":2,"href":"https:\/\/www.r2cpress.com.br\/v1\/wp-json\/wp\/v2\/posts\/7330\/revisions"}],"predecessor-version":[{"id":7332,"href":"https:\/\/www.r2cpress.com.br\/v1\/wp-json\/wp\/v2\/posts\/7330\/revisions\/7332"}],"wp:attachment":[{"href":"https:\/\/www.r2cpress.com.br\/v1\/wp-json\/wp\/v2\/media?parent=7330"}],"wp:term":[{"taxonomy":"category","embeddable":true,"href":"https:\/\/www.r2cpress.com.br\/v1\/wp-json\/wp\/v2\/categories?post=7330"},{"taxonomy":"post_tag","embeddable":true,"href":"https:\/\/www.r2cpress.com.br\/v1\/wp-json\/wp\/v2\/tags?post=7330"}],"curies":[{"name":"wp","href":"https:\/\/api.w.org\/{rel}","templated":true}]}}