{"id":73313,"date":"2013-10-07T16:21:57","date_gmt":"2013-10-07T19:21:57","guid":{"rendered":"http:\/\/www.r2cpress.com.br\/v1\/?p=73313"},"modified":"2013-10-07T16:21:57","modified_gmt":"2013-10-07T19:21:57","slug":"mpf-e-mpba-assinam-tac-para-realizacao-de-novas-audiencias-publicas-sobre-o-porto-sul-em-ilheusba","status":"publish","type":"post","link":"https:\/\/www.r2cpress.com.br\/v1\/2013\/10\/07\/mpf-e-mpba-assinam-tac-para-realizacao-de-novas-audiencias-publicas-sobre-o-porto-sul-em-ilheusba\/","title":{"rendered":"MPF e MP\/BA assinam TAC para realiza\u00e7\u00e3o de novas audi\u00eancias p\u00fablicas sobre o Porto Sul, em Ilh\u00e9us\/BA"},"content":{"rendered":"<p><strong>Acordo prev\u00ea a consolida\u00e7\u00e3o do Estudo de Impacto Ambiental a partir de estudos complementares e a sua correta publiciza\u00e7\u00e3o \u00e0 sociedade.<\/strong><\/p>\n<p>O Minist\u00e9rio P\u00fablico Federal (MPF) em Ilh\u00e9us e o Minist\u00e9rio P\u00fablico no Estado da Bahia (MP\/BA) formalizaram, na \u00faltima quinta-feira, 3 de outubro, Termo de Ajustamento de Conduta (TAC) a fim de corrigir falhas detectadas no procedimento de licenciamento ambiental do empreendimento Porto Sul, previsto para ser constru\u00eddo em Ilh\u00e9us, a 446 km da capital baiana. Assinam o acordo o Departamento de Infraestrutura de Transportes da Bahia (Derba) &#8211; Estado da Bahia, a Bahia Minera\u00e7\u00e3o S\/A (Bamin) e o Instituto Brasileiro do Meio Ambiente e dos Recursos Naturais Renov\u00e1veis (Ibama).<\/p>\n<p>O termo de ajustamento apresentado pelo Minist\u00e9rio P\u00fablico prev\u00ea o aperfei\u00e7oamento e a atualiza\u00e7\u00e3o do Estudo de Impacto Ambiental (EIA\/RIMA) a partir de estudos complementares e a sua adequada publiciza\u00e7\u00e3o. Al\u00e9m disso, o TAC visa a realiza\u00e7\u00e3o de duas novas audi\u00eancias p\u00fablicas, uma em Ilh\u00e9us\/BA e outra em Itabuna\/BA, para melhor esclarecer a popula\u00e7\u00e3o acerca do empreendimento e seus impactos.<\/p>\n<p>De acordo com o TAC, ap\u00f3s a realiza\u00e7\u00e3o das audi\u00eancias a popula\u00e7\u00e3o ter\u00e1 a oportunidade de apresentar suas manifesta\u00e7\u00f5es. A partir de ent\u00e3o, o Ibama emitir\u00e1 novo parecer t\u00e9cnico, que determinar\u00e1 se a licen\u00e7a pr\u00e9via j\u00e1 concedida para o empreendimento ser\u00e1 mantida, alterada ou suspensa. Em todo caso, a Licen\u00e7a Pr\u00e9via dever\u00e1 ser republicada.<\/p>\n<p><!--more--><\/p>\n<p>O TAC estabelece tamb\u00e9m que a Licen\u00e7a de Instala\u00e7\u00e3o do empreendimento s\u00f3 poder\u00e1 ser emitida ap\u00f3s o cumprimento de todas as condicionantes previstas na Licen\u00e7a Pr\u00e9via (LP) e desde que observado o prazo minimo de 120 dias da republica\u00e7\u00e3o da LP.<\/p>\n<p>O termo de ajustamento visa assegurar a participa\u00e7\u00e3o popular e o devido processo de licenciamento ambiental. O descumprimento das obriga\u00e7\u00f5es nele previstas acarretar\u00e1 a imediata suspens\u00e3o do processo de licenciamento do empreendimento, sem preju\u00edzo da ado\u00e7\u00e3o de outras medidas cab\u00edveis, ressalta o procurador da Rep\u00fablica Tiago Modesto Rabelo, que acompanha o caso no MPF.<\/p>\n<p>Al\u00e9m do procurador Tiago Modesto Rabelo, assinaram o TAC a promotora de Justi\u00e7a Aline Val\u00e9ria Salvador, os procuradores da Rep\u00fablica Ov\u00eddio Augusto Amoedo e Eduardo Villas-B\u00f4as, o coordenador executivo da Casa Civil &#8211; Derba, Eracy Lafuente Pereira, o presidente do Ibama, Volney Zanardi J\u00fanior e o presidente da Bamin, Jos\u00e9 Francisco Martins Viveiros.<\/p>\n<p>A\u00e7\u00e3o civil p\u00fablica \u2013 o MPF havia ingressado na justi\u00e7a com a\u00e7\u00e3o civil p\u00fablica pedindo a suspens\u00e3o da licen\u00e7a pr\u00e9via concedida pelo Ibama para o empreendimento, em virtude da aus\u00eancia de conhecimento sobre os estudos ambientais por parte da popula\u00e7\u00e3o de munic\u00edpios que integram as \u00e1reas afetadas pelo Porto Sul. O TAC foi encaminhado \u00e0 justi\u00e7a federal em Ilh\u00e9us na sexta-feira e, uma vez homologado, a a\u00e7\u00e3o judicial ser\u00e1 extinta.<\/p>\n<p>N\u00famero para consulta processual: 0003696-50.2012.401-3301 \u2013 Subse\u00e7\u00e3o Judici\u00e1ria em Ilh\u00e9us<\/p>\n","protected":false},"excerpt":{"rendered":"<p>Acordo prev\u00ea a consolida\u00e7\u00e3o do Estudo de Impacto Ambiental a partir de estudos complementares e a sua correta publiciza\u00e7\u00e3o \u00e0 sociedade. O Minist\u00e9rio P\u00fablico Federal (MPF) em Ilh\u00e9us e o Minist\u00e9rio P\u00fablico no Estado da Bahia (MP\/BA) formalizaram, na \u00faltima quinta-feira, 3 de outubro, Termo de Ajustamento de Conduta (TAC) a fim de corrigir falhas [&hellip;]<\/p>\n","protected":false},"author":2,"featured_media":0,"comment_status":"open","ping_status":"open","sticky":false,"template":"","format":"standard","meta":{"_links_to":"","_links_to_target":""},"categories":[13],"tags":[],"_links":{"self":[{"href":"https:\/\/www.r2cpress.com.br\/v1\/wp-json\/wp\/v2\/posts\/73313"}],"collection":[{"href":"https:\/\/www.r2cpress.com.br\/v1\/wp-json\/wp\/v2\/posts"}],"about":[{"href":"https:\/\/www.r2cpress.com.br\/v1\/wp-json\/wp\/v2\/types\/post"}],"author":[{"embeddable":true,"href":"https:\/\/www.r2cpress.com.br\/v1\/wp-json\/wp\/v2\/users\/2"}],"replies":[{"embeddable":true,"href":"https:\/\/www.r2cpress.com.br\/v1\/wp-json\/wp\/v2\/comments?post=73313"}],"version-history":[{"count":2,"href":"https:\/\/www.r2cpress.com.br\/v1\/wp-json\/wp\/v2\/posts\/73313\/revisions"}],"predecessor-version":[{"id":73315,"href":"https:\/\/www.r2cpress.com.br\/v1\/wp-json\/wp\/v2\/posts\/73313\/revisions\/73315"}],"wp:attachment":[{"href":"https:\/\/www.r2cpress.com.br\/v1\/wp-json\/wp\/v2\/media?parent=73313"}],"wp:term":[{"taxonomy":"category","embeddable":true,"href":"https:\/\/www.r2cpress.com.br\/v1\/wp-json\/wp\/v2\/categories?post=73313"},{"taxonomy":"post_tag","embeddable":true,"href":"https:\/\/www.r2cpress.com.br\/v1\/wp-json\/wp\/v2\/tags?post=73313"}],"curies":[{"name":"wp","href":"https:\/\/api.w.org\/{rel}","templated":true}]}}