{"id":73365,"date":"2013-10-08T22:28:49","date_gmt":"2013-10-09T01:28:49","guid":{"rendered":"http:\/\/www.r2cpress.com.br\/v1\/?p=73365"},"modified":"2013-10-08T22:28:49","modified_gmt":"2013-10-09T01:28:49","slug":"alemanha-recebera-o-talento-da-escritora-daniela-galdino","status":"publish","type":"post","link":"https:\/\/www.r2cpress.com.br\/v1\/2013\/10\/08\/alemanha-recebera-o-talento-da-escritora-daniela-galdino\/","title":{"rendered":"Alemanha receber\u00e1 o talento da escritora Daniela Galdino"},"content":{"rendered":"<p>            <div id=\"attachment_73366\" style=\"width: 310px\" class=\"wp-caption alignleft\"><a href=\"http:\/\/www.r2cpress.com.br\/v1\/wp-content\/uploads\/Daniela-Galdino-foto-Karoline-Vital.jpg\"><img aria-describedby=\"caption-attachment-73366\" loading=\"lazy\" src=\"http:\/\/www.r2cpress.com.br\/v1\/wp-content\/uploads\/Daniela-Galdino-foto-Karoline-Vital.jpg\" alt=\"Daniela Galdino - foto Karoline Vital.\" width=\"300\" height=\"414\" class=\"size-full wp-image-73366\" srcset=\"https:\/\/www.r2cpress.com.br\/v1\/wp-content\/uploads\/Daniela-Galdino-foto-Karoline-Vital.jpg 300w, https:\/\/www.r2cpress.com.br\/v1\/wp-content\/uploads\/Daniela-Galdino-foto-Karoline-Vital-217x300.jpg 217w\" sizes=\"(max-width: 300px) 100vw, 300px\" \/><\/a><p id=\"caption-attachment-73366\" class=\"wp-caption-text\">Daniela Galdino &#8211; foto Karoline Vital.<\/p><\/div>A itabunense Daniela Galdino estar\u00e1 na Alemanha participando de um projeto de circula\u00e7\u00e3o art\u00edstica. Ela estar\u00e1 em terras germ\u00e2nicas entre os dias 13 e 29 de outubro, ministrando palestras e fazendo leituras dram\u00e1ticas do seu livro de poesias \u201cIn\u00famera\u201d. A obra foi publicada em 2011 pela Mondrongo, editora do Teatro Popular de Ilh\u00e9us.<\/p>\n<p>            Entre as atividades que ser\u00e3o desenvolvidas na Alemanha, Daniela Galdino ministrar\u00e1 a palestra \u201cEscrita feminina: conflu\u00eancias transgressoras na poesia brasileira\u201d e far\u00e1 leituras p\u00fablicas do seu livro \u201cIn\u00famera\u201d, na Universidade de Bremen. Al\u00e9m disso, a grapi\u00fana participar\u00e1 da Feira do Livro de Frankfurt, o maior evento liter\u00e1rio e editorial do mundo. Ela \u00e9 uma das escritoras que integram a antologia \u201cLiteratura Baiana\u201d organizada pela Secretaria de Cultura da Bahia (Secult-BA), que divulgar\u00e1 a produ\u00e7\u00e3o de 18 autores baianos.<\/p>\n<p>O convite para o interc\u00e2mbio cultural partiu da professora Katrin Nissen, da Universidade de Bremen. A visita de Daniela Galdino \u00e0 Alemanha conta ainda com apoio dos brasileiros radicados no pa\u00eds europeu Carlos Berg Guerra e D\u00e9bora Ramos. Os tamb\u00e9m conterr\u00e2neos Edney Pereira, coordenador do espa\u00e7o cultural A Livraria e Murah Soares, da Ong F\u00f3rum e.V.Brasil, em Berlin.<\/p>\n<p>            Daniela Galdino foi a primeira mulher a ter um livro publicado pela Mondrongo e j\u00e1 est\u00e1 a caminho a segunda edi\u00e7\u00e3o. Em dois anos, a editora do Teatro Popular de Ilh\u00e9us lan\u00e7ou mais de 40 livros, incluindo a S\u00e9rie Horizontes, que trouxe obras de autores de Feira de Santana e do Rec\u00f4ncavo Baiano.<\/p>\n","protected":false},"excerpt":{"rendered":"<p>A itabunense Daniela Galdino estar\u00e1 na Alemanha participando de um projeto de circula\u00e7\u00e3o art\u00edstica. Ela estar\u00e1 em terras germ\u00e2nicas entre os dias 13 e 29 de outubro, ministrando palestras e fazendo leituras dram\u00e1ticas do seu livro de poesias \u201cIn\u00famera\u201d. A obra foi publicada em 2011 pela Mondrongo, editora do Teatro Popular de Ilh\u00e9us. Entre as [&hellip;]<\/p>\n","protected":false},"author":2,"featured_media":0,"comment_status":"open","ping_status":"open","sticky":false,"template":"","format":"standard","meta":{"_links_to":"","_links_to_target":""},"categories":[5],"tags":[],"_links":{"self":[{"href":"https:\/\/www.r2cpress.com.br\/v1\/wp-json\/wp\/v2\/posts\/73365"}],"collection":[{"href":"https:\/\/www.r2cpress.com.br\/v1\/wp-json\/wp\/v2\/posts"}],"about":[{"href":"https:\/\/www.r2cpress.com.br\/v1\/wp-json\/wp\/v2\/types\/post"}],"author":[{"embeddable":true,"href":"https:\/\/www.r2cpress.com.br\/v1\/wp-json\/wp\/v2\/users\/2"}],"replies":[{"embeddable":true,"href":"https:\/\/www.r2cpress.com.br\/v1\/wp-json\/wp\/v2\/comments?post=73365"}],"version-history":[{"count":2,"href":"https:\/\/www.r2cpress.com.br\/v1\/wp-json\/wp\/v2\/posts\/73365\/revisions"}],"predecessor-version":[{"id":73368,"href":"https:\/\/www.r2cpress.com.br\/v1\/wp-json\/wp\/v2\/posts\/73365\/revisions\/73368"}],"wp:attachment":[{"href":"https:\/\/www.r2cpress.com.br\/v1\/wp-json\/wp\/v2\/media?parent=73365"}],"wp:term":[{"taxonomy":"category","embeddable":true,"href":"https:\/\/www.r2cpress.com.br\/v1\/wp-json\/wp\/v2\/categories?post=73365"},{"taxonomy":"post_tag","embeddable":true,"href":"https:\/\/www.r2cpress.com.br\/v1\/wp-json\/wp\/v2\/tags?post=73365"}],"curies":[{"name":"wp","href":"https:\/\/api.w.org\/{rel}","templated":true}]}}