{"id":7337,"date":"2011-01-24T15:22:12","date_gmt":"2011-01-24T18:22:12","guid":{"rendered":"http:\/\/www.r2cpress.com.br\/v1\/?p=7337"},"modified":"2011-01-24T15:22:12","modified_gmt":"2011-01-24T18:22:12","slug":"duplas-de-volei-de-praia-masculino-disputam-titulo-nas-areias-do-malhado","status":"publish","type":"post","link":"https:\/\/www.r2cpress.com.br\/v1\/2011\/01\/24\/duplas-de-volei-de-praia-masculino-disputam-titulo-nas-areias-do-malhado\/","title":{"rendered":"Duplas de V\u00f4lei de Praia Masculino disputam t\u00edtulo nas areias do Malhado"},"content":{"rendered":"<p><div id=\"attachment_7338\" style=\"width: 310px\" class=\"wp-caption alignleft\"><a href=\"http:\/\/www.r2cpress.com.br\/v1\/wp-content\/uploads\/Vereador-Jailson-Nascimento-e-as-duplas-de-v\u00f4lei-de-praia.jpg\"><img aria-describedby=\"caption-attachment-7338\" loading=\"lazy\" src=\"http:\/\/www.r2cpress.com.br\/v1\/wp-content\/uploads\/Vereador-Jailson-Nascimento-e-as-duplas-de-v\u00f4lei-de-praia-300x225.jpg\" alt=\"\" title=\"Vereador Jailson Nascimento e as duplas de v\u00f4lei de praia\" width=\"300\" height=\"225\" class=\"size-medium wp-image-7338\" srcset=\"https:\/\/www.r2cpress.com.br\/v1\/wp-content\/uploads\/Vereador-Jailson-Nascimento-e-as-duplas-de-v\u00f4lei-de-praia-300x225.jpg 300w, https:\/\/www.r2cpress.com.br\/v1\/wp-content\/uploads\/Vereador-Jailson-Nascimento-e-as-duplas-de-v\u00f4lei-de-praia.jpg 750w\" sizes=\"(max-width: 300px) 100vw, 300px\" \/><\/a><p id=\"caption-attachment-7338\" class=\"wp-caption-text\">Vereador Jailson Nascimento e as duplas de v\u00f4lei de praia.<\/p><\/div>A 2\u00aa Copa InterBairros de V\u00f4lei de Praia Masculino \u00e9 mais uma competi\u00e7\u00e3o de destaque do 3\u00b0 Projeto Ver\u00e3o Malhado que est\u00e1 sendo realizado na arena montada no Parque Lu\u00eds Eduardo Magalh\u00e3es, Avenida Litor\u00e2nea Norte. O torneio \u00e9 supervisionado por Pedr\u00e3o e t\u00eam jogos sempre \u00e0s sextas-feiras.<\/p>\n<p>As 4 duplas que participam do torneio s\u00e3o as seguintes: Teot\u00f4nio Vilela (Alisson e Wellington), Barra (S\u00f3crates e Rob\u00e9rio), Malhado (Jhon e Serginho) e Sambaituba (Maicon e Didiu). Na primeira fase todas as duplas jogar\u00e3o entre si, as duas com melhor pontua\u00e7\u00e3o far\u00e3o a final do torneio. <\/p>\n<p><!--more--><\/p>\n<p>Na primeira rodada da competi\u00e7\u00e3o a dupla da Barra venceu Sambaituba por 2&#215;1. No segundo jogo da noite os garotos do Malhado venceram o Teot\u00f4nio Vilela por 2&#215;0. J\u00e1 na rodada realizada na \u00faltima sexta-feira (21), o Malhado saiu vitorioso frente a Sambaituba por 2&#215;0 e a dupla da Barra venceu a do Teot\u00f4nio Vilela por 2&#215;0. <\/p>\n<p>Os jogos seguem na pr\u00f3xima sexta-feira (28), a dupla da Barra duela com o Malhado em um jogo de invictos e no outro jogo da noite, Sambaituba e Teot\u00f4nio Vilela buscam a reabilita\u00e7\u00e3o no torneio.<br \/>\nFutebol de Areia<\/p>\n<p>Pela 1\u00aa Copa Veteranos InterBairros de Futebol de Areia, Baba dos 40 e Malhado empataram por 2&#215;2 no tempo regulamentar. Nos p\u00eanaltis o Baba dos 40 se saiu vitorioso por 3&#215;2 e aguarda o vencedor do jogo entre Bas\u00edlio x Adecopa que ser\u00e1 realizado na pr\u00f3xima quarta-feira (26). <\/p>\n<p>A 2\u00aa Copa InterBairros teve a sua \u00faltima rodada da primeira fase. O Teot\u00f4nio Vilela, atual campe\u00e3o do torneio venceu o time do S\u00e3o Miguel por 10&#215;5. No segundo jogo da noite, o combinado da Rua do Cano venceu a equipe do Marciano por 3&#215;2. Os dois vencedores da noite, Teot\u00f4nio Vilela e Rua do Cano se enfrentar\u00e3o na pr\u00f3xima sexta-feira (28) por uma vaga na semifinal da competi\u00e7\u00e3o. <\/p>\n<p>Na pr\u00f3xima quarta-feira (26) ser\u00e3o realizados dois jogos. Urbis x Bas\u00edlio e Princesa Isabel x Conquista buscam avan\u00e7ar a pr\u00f3xima fase e assim ainda sonhar com o t\u00edtulo da 2\u00aa Copa InterBairros de Futebol de Areia. <\/p>\n<p>O 3\u00b0 Projeto Ver\u00e3o Malhado tem a realiza\u00e7\u00e3o do vereador Jailson Nascimento e conta com o apoio da Prefeitura e C\u00e2mara Municipal de Ilh\u00e9us, Federa\u00e7\u00e3o Baiana de Futebol, Nova Schin, Seraf\u00e9til, Solar Toldos, In\u00e1cio Auto Pe\u00e7as, ST Transporte e Via\u00e7\u00e3o S\u00e3o Miguel.<\/p>\n","protected":false},"excerpt":{"rendered":"<p>A 2\u00aa Copa InterBairros de V\u00f4lei de Praia Masculino \u00e9 mais uma competi\u00e7\u00e3o de destaque do 3\u00b0 Projeto Ver\u00e3o Malhado que est\u00e1 sendo realizado na arena montada no Parque Lu\u00eds Eduardo Magalh\u00e3es, Avenida Litor\u00e2nea Norte. O torneio \u00e9 supervisionado por Pedr\u00e3o e t\u00eam jogos sempre \u00e0s sextas-feiras. As 4 duplas que participam do torneio s\u00e3o [&hellip;]<\/p>\n","protected":false},"author":2,"featured_media":0,"comment_status":"open","ping_status":"open","sticky":false,"template":"","format":"standard","meta":{"_links_to":"","_links_to_target":""},"categories":[11],"tags":[],"_links":{"self":[{"href":"https:\/\/www.r2cpress.com.br\/v1\/wp-json\/wp\/v2\/posts\/7337"}],"collection":[{"href":"https:\/\/www.r2cpress.com.br\/v1\/wp-json\/wp\/v2\/posts"}],"about":[{"href":"https:\/\/www.r2cpress.com.br\/v1\/wp-json\/wp\/v2\/types\/post"}],"author":[{"embeddable":true,"href":"https:\/\/www.r2cpress.com.br\/v1\/wp-json\/wp\/v2\/users\/2"}],"replies":[{"embeddable":true,"href":"https:\/\/www.r2cpress.com.br\/v1\/wp-json\/wp\/v2\/comments?post=7337"}],"version-history":[{"count":2,"href":"https:\/\/www.r2cpress.com.br\/v1\/wp-json\/wp\/v2\/posts\/7337\/revisions"}],"predecessor-version":[{"id":7340,"href":"https:\/\/www.r2cpress.com.br\/v1\/wp-json\/wp\/v2\/posts\/7337\/revisions\/7340"}],"wp:attachment":[{"href":"https:\/\/www.r2cpress.com.br\/v1\/wp-json\/wp\/v2\/media?parent=7337"}],"wp:term":[{"taxonomy":"category","embeddable":true,"href":"https:\/\/www.r2cpress.com.br\/v1\/wp-json\/wp\/v2\/categories?post=7337"},{"taxonomy":"post_tag","embeddable":true,"href":"https:\/\/www.r2cpress.com.br\/v1\/wp-json\/wp\/v2\/tags?post=7337"}],"curies":[{"name":"wp","href":"https:\/\/api.w.org\/{rel}","templated":true}]}}