{"id":73392,"date":"2013-10-09T12:16:06","date_gmt":"2013-10-09T15:16:06","guid":{"rendered":"http:\/\/www.r2cpress.com.br\/v1\/?p=73392"},"modified":"2013-10-09T12:16:06","modified_gmt":"2013-10-09T15:16:06","slug":"semana-da-crianca-na-tenda-tpi-conta-com-musical-e-workshop","status":"publish","type":"post","link":"https:\/\/www.r2cpress.com.br\/v1\/2013\/10\/09\/semana-da-crianca-na-tenda-tpi-conta-com-musical-e-workshop\/","title":{"rendered":"Semana da Crian\u00e7a na Tenda TPI conta com musical e workshop"},"content":{"rendered":"<p>A Tenda Teatro Popular de Ilh\u00e9us (TPI) homenageia o p\u00fablico infantil com atividades especiais. De quinta-feira a s\u00e1bado (10 a 12), ser\u00e1 apresentado o musical Lendas da Lagoa Encantada, sempre \u00e0s 19 horas. As entradas custam R$ 20 e R$ 10. E no s\u00e1bado, dia das crian\u00e7as, acontece o Workshop Conto e Cantigas, com os professores Ricardo Maciel e Luciene Nunes. A atividade de conta\u00e7\u00e3o de hist\u00f3ria e musicaliza\u00e7\u00e3o est\u00e1 marcada para as 16 horas. A entrada ser\u00e1 a doa\u00e7\u00e3o de um livro infantil ou uma almofada.<\/p>\n<p>Em Lendas da Lagoa Encantada, personagens m\u00edticos se unem aos seres humanos para proteger as tradi\u00e7\u00f5es populares e o meio ambiente. Eles querem afastar o bicho mondrongo que aparece na pequena vila de pescadores, amea\u00e7ando destruir tudo em nome do progresso. O espet\u00e1culo musical da Cia. Boi da Cara Preta \u00e9 inspirado no imagin\u00e1rio do povoado ilheense da Lagoa Encantada. O texto \u00e9 de Romualdo Lisboa, dire\u00e7\u00e3o musical de Elielton Cabe\u00e7a e dire\u00e7\u00e3o geral de T\u00e2nia Barbosa.<\/p>\n<p>O Workshop Conto e Cantigas \u00e9 voltado para crian\u00e7as maiores de quatro anos. A professora Luciene Nunes conta uma hist\u00f3ria, enquanto o professor Ricardo Maciel se encarrega dos efeitos e trilha sonora. Ao final, os pequenos poder\u00e3o expressar suas impress\u00f5es sobre a experi\u00eancia. Ser\u00e1 a primeira atividade realizada nas novas instala\u00e7\u00f5es da Biblioteca da Tenda TPI, que leva o nome do escritor Jorge de Souza Ara\u00fajo. Pede-se que os participantes levem livros para doa\u00e7\u00e3o ou almofadas a fim de deixar o p\u00fablico mais aconchegado.<\/p>\n","protected":false},"excerpt":{"rendered":"<p>A Tenda Teatro Popular de Ilh\u00e9us (TPI) homenageia o p\u00fablico infantil com atividades especiais. De quinta-feira a s\u00e1bado (10 a 12), ser\u00e1 apresentado o musical Lendas da Lagoa Encantada, sempre \u00e0s 19 horas. As entradas custam R$ 20 e R$ 10. E no s\u00e1bado, dia das crian\u00e7as, acontece o Workshop Conto e Cantigas, com os [&hellip;]<\/p>\n","protected":false},"author":2,"featured_media":0,"comment_status":"open","ping_status":"open","sticky":false,"template":"","format":"standard","meta":{"_links_to":"","_links_to_target":""},"categories":[5],"tags":[],"_links":{"self":[{"href":"https:\/\/www.r2cpress.com.br\/v1\/wp-json\/wp\/v2\/posts\/73392"}],"collection":[{"href":"https:\/\/www.r2cpress.com.br\/v1\/wp-json\/wp\/v2\/posts"}],"about":[{"href":"https:\/\/www.r2cpress.com.br\/v1\/wp-json\/wp\/v2\/types\/post"}],"author":[{"embeddable":true,"href":"https:\/\/www.r2cpress.com.br\/v1\/wp-json\/wp\/v2\/users\/2"}],"replies":[{"embeddable":true,"href":"https:\/\/www.r2cpress.com.br\/v1\/wp-json\/wp\/v2\/comments?post=73392"}],"version-history":[{"count":2,"href":"https:\/\/www.r2cpress.com.br\/v1\/wp-json\/wp\/v2\/posts\/73392\/revisions"}],"predecessor-version":[{"id":73394,"href":"https:\/\/www.r2cpress.com.br\/v1\/wp-json\/wp\/v2\/posts\/73392\/revisions\/73394"}],"wp:attachment":[{"href":"https:\/\/www.r2cpress.com.br\/v1\/wp-json\/wp\/v2\/media?parent=73392"}],"wp:term":[{"taxonomy":"category","embeddable":true,"href":"https:\/\/www.r2cpress.com.br\/v1\/wp-json\/wp\/v2\/categories?post=73392"},{"taxonomy":"post_tag","embeddable":true,"href":"https:\/\/www.r2cpress.com.br\/v1\/wp-json\/wp\/v2\/tags?post=73392"}],"curies":[{"name":"wp","href":"https:\/\/api.w.org\/{rel}","templated":true}]}}